{"id":6509,"date":"2026-03-04T17:06:55","date_gmt":"2026-03-04T17:06:55","guid":{"rendered":"https:\/\/www.newsrecorder.ro\/app\/2026\/03\/04\/pnl-riposteaza-bugetul-nu-trebuie-sacrificat-pe-altarul-politicii\/"},"modified":"2026-03-04T17:06:55","modified_gmt":"2026-03-04T17:06:55","slug":"pnl-riposteaza-bugetul-nu-trebuie-sacrificat-pe-altarul-politicii","status":"publish","type":"post","link":"https:\/\/www.newsrecorder.ro\/app\/2026\/03\/04\/pnl-riposteaza-bugetul-nu-trebuie-sacrificat-pe-altarul-politicii\/","title":{"rendered":"PNL riposteaz\u0103: Bugetul nu trebuie sacrificat pe altarul politicii!"},"content":{"rendered":"<p>Reac\u021bia a fost generat\u0103 de acuza\u021biile formulate de c\u0103tre social-democra\u021bi.<\/p>\n<p>\u201eBugetul Rom\u00e2niei nu trebuie s\u0103 devin\u0103 o victim\u0103 a jocurilor politice care risipesc progresul ob\u021binut cu greu \u0219i care ar putea \u00eempinge \u021bara \u00eenapoi \u00een situa\u021bia dificil\u0103 de anul trecut. Solu\u021biile propuse de coali\u021bia condus\u0103 de premierul Ilie Bolojan pentru bugetul de stat se bazeaz\u0103 pe calcule detaliate realizate de Ministerul Finan\u021belor, \u00een urma discu\u021biilor cu reprezentan\u021bii partidelor politice \u0219i ai ministerelor. Astfel, spre deosebire de anii anteriori, bugetul de anul acesta este cu adev\u0103rat realist, nu o iluzie sau o licita\u021bie de promisiuni f\u0103r\u0103 acoperire\u201d, se arat\u0103 \u00een comunicatul Partidului Na\u021bional Liberal (PNL).<\/p>\n<h2>Clarific\u0103rile PNL<\/h2>\n<p>Liberalii au respins vehement acuza\u021biile venite din partea colegilor de coali\u021bie.<\/p>\n<p>\u201ePentru pachetul social, sumele propuse sunt similare cu cele alocate anul trecut \u2013 1,7 miliarde de lei destinate pensionarilor. P\u00e2n\u0103 c\u00e2nd se va atinge suma total\u0103 solicitat\u0103 de PSD pentru alte categorii, vom accesa fonduri europene prin diverse programe sociale. Este simplu s\u0103 faci propuneri de cheltuieli f\u0103r\u0103 a identifica surse de finan\u021bare realiste,\u201d au declarat reprezentan\u021bii PNL.<\/p>\n<p>De asemenea, liberalii au subliniat c\u0103 prim\u0103riile nu vor suferi pierderi financiare. Doar 25 din cele peste 3.000 de prim\u0103rii vor avea bugete u\u0219or diminuate comparativ cu anul anterior; restul vor beneficia de aloc\u0103ri financiare sporite. \u00cen plus, Ordonan\u021ba de Urgen\u021b\u0103 privind reforma administra\u021biei va oferi prim\u0103riilor instrumente suplimentare pentru colectarea taxelor, impozitelor \u0219i amenzilor, transform\u00e2ndu-le \u00een adev\u0103rate motoare de dezvoltare pentru comunit\u0103\u021bi.<\/p>\n<p>\u00cen contextul programului \u201eAnghel Saligny\u201d, au fost alocate 6 miliarde de lei. Bugetul de anul acesta va direc\u021biona sume f\u0103r\u0103 precedent c\u0103tre investi\u021bii, inclusiv cofinan\u021barea pentru Planul Na\u021bional de Redresare \u0219i Rezilien\u021b\u0103 (PNRR), av\u00e2nd \u00een vedere c\u0103 modelul de dezvoltare al Rom\u00e2niei se transform\u0103 de la consum la investi\u021bii,\u201d au sus\u021binut liberalii.<\/p>\n<h2>Acuza\u021biile aduse de PNL<\/h2>\n<p>PNL a acuzat PSD de minciun\u0103 \u0219i lips\u0103 de responsabilitate.<\/p>\n<p>\u201eTrebuie s\u0103 \u00eencet\u0103m s\u0103 ne min\u021bim singuri, ad\u00e2ncindu-ne \u00een datorii cu dob\u00e2nzi tot mai mari. Cine ar fi avut propuneri alternative de finan\u021bare ar fi trebuit s\u0103 le prezinte \u00een timpul discu\u021biilor din ultimele s\u0103pt\u0103m\u00e2ni, ceea ce nu s-a \u00eent\u00e2mplat. PNL constat\u0103 din nou tentativa PSD de a rescrie realitatea politic\u0103 din interiorul coali\u021biei \u0219i de a transfera responsabilitatea \u00eent\u00e2rzierilor reformelor c\u0103tre ceilal\u021bi parteneri de guvernare,\u201d au afirmat liberalii.<\/p>\n<p>\u201e\u00cen loc s\u0103 sus\u021bin\u0103 aceste reforme, PSD a preferat adesea s\u0103 joace at\u00e2t rolul de partid de guvernare, c\u00e2t \u0219i pe cel de partid de opozi\u021bie, critic\u00e2nd public deciziile luate \u00een cadrul coali\u021biei din care face parte. Aceast\u0103 strategie politic\u0103 nu face dec\u00e2t s\u0103 genereze incertitudine \u0219i instabilitate, exact c\u00e2nd Rom\u00e2nia are nevoie de predictibilitate, responsabilitate \u0219i decizii ferme,\u201d concluzioneaz\u0103 liberalii.<\/p>\n<p>\u00cen replic\u0103, PSD l-a acuzat pe premierul Ilie Bolojan c\u0103 blocheaz\u0103 adoptarea bugetului de stat. Social-democra\u021bii au sus\u021binut c\u0103 proiectul de buget con\u021bine o serie de prevederi care contravin solicit\u0103rilor exprimate anterior de liderii partidelor. \u00cen acest context, social-democra\u021bii se vor reuni pentru a decide dac\u0103 vor vota sau nu bugetul propus.<\/p>\n","protected":false},"excerpt":{"rendered":"<p>Reac\u021bia a fost generat\u0103 de acuza\u021biile formulate de c\u0103tre social-democra\u021bi. \u201eBugetul Rom\u00e2niei nu trebuie s\u0103 devin\u0103 o victim\u0103 a jocurilor politice care risipesc progresul ob\u021binut cu greu \u0219i care ar putea \u00eempinge \u021bara \u00eenapoi \u00een situa\u021bia dificil\u0103 de anul trecut. Solu\u021biile propuse de coali\u021bia condus\u0103 de premierul Ilie Bolojan pentru bugetul de stat se bazeaz\u0103 [&hellip;]<\/p>\n","protected":false},"author":2,"featured_media":6510,"comment_status":"open","ping_status":"open","sticky":false,"template":"","format":"standard","meta":{"jnews-multi-image_gallery":[],"jnews_single_post":[],"jnews_primary_category":[],"jnews_override_counter":[],"footnotes":""},"categories":[39],"tags":[643,9429,636,302,4669,2610,1333,2156],"class_list":["post-6509","post","type-post","status-publish","format-standard","has-post-thumbnail","hentry","category-stirile-zilei","tag-acuzatii","tag-bugetul-romaniei","tag-coalitie","tag-ilie-bolojan","tag-ministerul-finantelor","tag-pachet-social","tag-partidul-national-liberal","tag-pensionari"],"_links":{"self":[{"href":"https:\/\/www.newsrecorder.ro\/app\/wp-json\/wp\/v2\/posts\/6509","targetHints":{"allow":["GET"]}}],"collection":[{"href":"https:\/\/www.newsrecorder.ro\/app\/wp-json\/wp\/v2\/posts"}],"about":[{"href":"https:\/\/www.newsrecorder.ro\/app\/wp-json\/wp\/v2\/types\/post"}],"author":[{"embeddable":true,"href":"https:\/\/www.newsrecorder.ro\/app\/wp-json\/wp\/v2\/users\/2"}],"replies":[{"embeddable":true,"href":"https:\/\/www.newsrecorder.ro\/app\/wp-json\/wp\/v2\/comments?post=6509"}],"version-history":[{"count":0,"href":"https:\/\/www.newsrecorder.ro\/app\/wp-json\/wp\/v2\/posts\/6509\/revisions"}],"wp:featuredmedia":[{"embeddable":true,"href":"https:\/\/www.newsrecorder.ro\/app\/wp-json\/wp\/v2\/media\/6510"}],"wp:attachment":[{"href":"https:\/\/www.newsrecorder.ro\/app\/wp-json\/wp\/v2\/media?parent=6509"}],"wp:term":[{"taxonomy":"category","embeddable":true,"href":"https:\/\/www.newsrecorder.ro\/app\/wp-json\/wp\/v2\/categories?post=6509"},{"taxonomy":"post_tag","embeddable":true,"href":"https:\/\/www.newsrecorder.ro\/app\/wp-json\/wp\/v2\/tags?post=6509"}],"curies":[{"name":"wp","href":"https:\/\/api.w.org\/{rel}","templated":true}]}}