{"id":6511,"date":"2026-03-04T17:07:10","date_gmt":"2026-03-04T17:07:10","guid":{"rendered":"https:\/\/www.newsrecorder.ro\/app\/2026\/03\/04\/florin-bratu-preia-conducerea-tehnica-la-metaloglobus-detalii-exclusive\/"},"modified":"2026-03-04T17:07:10","modified_gmt":"2026-03-04T17:07:10","slug":"florin-bratu-preia-conducerea-tehnica-la-metaloglobus-detalii-exclusive","status":"publish","type":"post","link":"https:\/\/www.newsrecorder.ro\/app\/2026\/03\/04\/florin-bratu-preia-conducerea-tehnica-la-metaloglobus-detalii-exclusive\/","title":{"rendered":"Florin Bratu preia conducerea tehnic\u0103 la Metaloglobus: detalii exclusive!"},"content":{"rendered":"<p>Florin Bratu, cunoscut sub porecla \u201eMitraliera\u201d datorit\u0103 spectacolului pe care \u00eel oferea \u00een atacul echipelor precum Dinamo, Rapid, Galatasaray, Nantes sau Valenciennes, a fost numit antrenor la Metaloglobus. Potrivit comunicatului oficial al clubului, Bratu aduce cu sine un bogat bagaj de cuno\u0219tin\u021be tactice \u0219i o mentalitate \u00eenving\u0103toare.<\/p>\n<p>\u00cen cariera sa de tehnician, Bratu a avut ocazia s\u0103 conduc\u0103 diverse echipe, printre care CS Tunari, Dinamo 1948, Concordia Chiajna \u0219i Karmiotissa din Cipru. De asemenea, el a antrenat selec\u021bionatele U18 \u0219i U21 ale Rom\u00e2niei, demonstr\u00e2nd astfel o experien\u021b\u0103 diversificat\u0103 \u00een fotbalul rom\u00e2nesc.<\/p>\n<p>La v\u00e2rsta de 46 de ani, Bratu, care a fost ultima dat\u0103 antrenor la CS Dinamo, are acum misiunea de a conduce Metaloglobus spre atingerea obiectivului sezonului: evitarea retrograd\u0103rii. \u00cen prezent, echipa bucure\u0219tean\u0103 se afl\u0103 pe ultimul loc \u00een clasamentul Superligii, av\u00e2nd doar 11 puncte acumulate \u00een 29 de etape.<\/p>\n","protected":false},"excerpt":{"rendered":"<p>Florin Bratu, cunoscut sub porecla \u201eMitraliera\u201d datorit\u0103 spectacolului pe care \u00eel oferea \u00een atacul echipelor precum Dinamo, Rapid, Galatasaray, Nantes sau Valenciennes, a fost numit antrenor la Metaloglobus. Potrivit comunicatului oficial al clubului, Bratu aduce cu sine un bogat bagaj de cuno\u0219tin\u021be tactice \u0219i o mentalitate \u00eenving\u0103toare. \u00cen cariera sa de tehnician, Bratu a avut [&hellip;]<\/p>\n","protected":false},"author":2,"featured_media":6512,"comment_status":"open","ping_status":"open","sticky":false,"template":"","format":"standard","meta":{"jnews-multi-image_gallery":[],"jnews_single_post":[],"jnews_primary_category":[],"jnews_override_counter":[],"footnotes":""},"categories":[39],"tags":[838,9431,1113,9430,980,1799,2752,976],"class_list":["post-6511","post","type-post","status-publish","format-standard","has-post-thumbnail","hentry","category-stirile-zilei","tag-antrenor","tag-cunostinte-tactice","tag-echipe","tag-florin-bratu","tag-fotbal-romanesc","tag-metaloglobus","tag-retrogradare","tag-superliga"],"_links":{"self":[{"href":"https:\/\/www.newsrecorder.ro\/app\/wp-json\/wp\/v2\/posts\/6511","targetHints":{"allow":["GET"]}}],"collection":[{"href":"https:\/\/www.newsrecorder.ro\/app\/wp-json\/wp\/v2\/posts"}],"about":[{"href":"https:\/\/www.newsrecorder.ro\/app\/wp-json\/wp\/v2\/types\/post"}],"author":[{"embeddable":true,"href":"https:\/\/www.newsrecorder.ro\/app\/wp-json\/wp\/v2\/users\/2"}],"replies":[{"embeddable":true,"href":"https:\/\/www.newsrecorder.ro\/app\/wp-json\/wp\/v2\/comments?post=6511"}],"version-history":[{"count":0,"href":"https:\/\/www.newsrecorder.ro\/app\/wp-json\/wp\/v2\/posts\/6511\/revisions"}],"wp:featuredmedia":[{"embeddable":true,"href":"https:\/\/www.newsrecorder.ro\/app\/wp-json\/wp\/v2\/media\/6512"}],"wp:attachment":[{"href":"https:\/\/www.newsrecorder.ro\/app\/wp-json\/wp\/v2\/media?parent=6511"}],"wp:term":[{"taxonomy":"category","embeddable":true,"href":"https:\/\/www.newsrecorder.ro\/app\/wp-json\/wp\/v2\/categories?post=6511"},{"taxonomy":"post_tag","embeddable":true,"href":"https:\/\/www.newsrecorder.ro\/app\/wp-json\/wp\/v2\/tags?post=6511"}],"curies":[{"name":"wp","href":"https:\/\/api.w.org\/{rel}","templated":true}]}}