{"id":6521,"date":"2026-03-04T19:06:52","date_gmt":"2026-03-04T19:06:52","guid":{"rendered":"https:\/\/www.newsrecorder.ro\/app\/2026\/03\/04\/descopera-programul-si-ceremoniile-jocurilor-paralimpice-de-iarna-2026\/"},"modified":"2026-03-04T19:06:52","modified_gmt":"2026-03-04T19:06:52","slug":"descopera-programul-si-ceremoniile-jocurilor-paralimpice-de-iarna-2026","status":"publish","type":"post","link":"https:\/\/www.newsrecorder.ro\/app\/2026\/03\/04\/descopera-programul-si-ceremoniile-jocurilor-paralimpice-de-iarna-2026\/","title":{"rendered":"Descoper\u0103 Programul \u0219i Ceremoniile Jocurilor Paralimpice de Iarn\u0103 2026!"},"content":{"rendered":"<p>Peste 600 de atle\u021bi din aproximativ 50 de \u021b\u0103ri se vor aduna pentru a concura \u00een 79 de probe la Jocurile Paralimpice de Iarn\u0103 din 2026, care se vor desf\u0103\u0219ura \u00een \u0219ase discipline diferite. Aceste probe includ 39 pentru b\u0103rba\u021bi, 35 pentru femei \u0219i 5 mixte, oferind o oportunitate unic\u0103 de a celebra performan\u021bele sportive la cel mai \u00eenalt nivel.<\/p>\n<p>Competi\u021biile vor avea loc \u00een trei loca\u021bii principale: Milano, Cortina \u0219i Val di Fiemme, iar satele Paralimpice vor fi deschise \u00eentre 28 februarie \u0219i 15 martie, \u00een ora\u0219ele men\u021bionate, precum \u0219i \u00een Predazzo.<\/p>\n<p>Evenimentul din 2026 are o importan\u021b\u0103 deosebit\u0103, marc\u00e2nd 50 de ani de la prima edi\u021bie a Jocurilor Paralimpice de Iarn\u0103, care a avut loc \u00een 1976 la \u00d6rnsk\u00f6ldsvik, Suedia. De asemenea, se \u00eemplinesc 20 de ani de la edi\u021bia din Torino.<\/p>\n<h3>Sporturi \u0219i Loca\u021bii<\/h3>\n<p>Lista sporturilor incluse \u00een competi\u021bie este variat\u0103:<\/p>\n<ul>\n<li><strong>Schi alpin para<\/strong> \u2013 Cortina (6, 7, 9, 10, 12-15 martie)<\/li>\n<li><strong>Biatlon para<\/strong> \u2013 Val di Fiemme (7, 8, 13 martie)<\/li>\n<li><strong>Schi fond para<\/strong> \u2013 Val di Fiemme (10, 11, 14, 15 martie)<\/li>\n<li><strong>Hochei pe ghea\u021b\u0103 para<\/strong> \u2013 Milano (7, 9, 10, 12-15 martie)<\/li>\n<li><strong>Snowboard para<\/strong> \u2013 Cortina (7, 8, 14 martie)<\/li>\n<li><strong>Curling \u00een scaun rulant<\/strong> \u2013 dublu mixt \u2013 Cortina (6-14 martie)<\/li>\n<\/ul>\n<h3>Simbolul Agitos<\/h3>\n<p>Simbolul paralimpic, cunoscut sub numele de Agitos (din latin\u0103 \u201eagito\u201d, care \u00eenseamn\u0103 \u201ea pune \u00een mi\u0219care\u201d), este o reprezentare a unit\u0103\u021bii dintre minte, corp \u0219i spirit. Acesta este format din trei elemente colorate \u00een ro\u0219u, albastru \u0219i verde, culori predominante pe steagurile na\u021bionale din \u00eentreaga lume.<\/p>\n<h3>Ceremoniile: O Premier\u0103 \u00een Dou\u0103 Ora\u0219e<\/h3>\n<p>Ceremoniile de deschidere \u0219i \u00eenchidere vor avea loc \u00een loca\u021bii diferite: ceremonia de deschidere se va desf\u0103\u0219ura la Verona Olympic Arena, iar ceremonia de \u00eenchidere la Cortina Curling Olympic Stadium. Ceremonia de deschidere este programat\u0103 pentru vineri, 6 martie, la ora 21:00, \u0219i va fi organizat\u0103 \u00eentr-un monument inclus \u00een patrimoniul UNESCO, ceea ce reprezint\u0103 o premier\u0103 pentru o ceremonie paralimpic\u0103.<\/p>\n<p>Tema aleas\u0103 pentru acest eveniment este \u201eLife in Motion\u201d (\u201eVia\u021ba \u00een mi\u0219care\u201d), un omagiu adus transform\u0103rii, incluziunii \u0219i armoniei \u00eentre oameni \u0219i natur\u0103. Organizatorii au investit aproximativ 20 de milioane de euro pentru a \u00eembun\u0103t\u0103\u021bi accesibilitatea \u00een Verona, asigur\u00e2nd astfel un eveniment complet incluziv.<\/p>\n<p>Printre arti\u0219tii care vor participa se num\u0103r\u0103 Stewart Copeland, celebrul baterist al trupei The Police, \u0219i trio-ul italian Meduza, recunoscut pe scena interna\u021bional\u0103 a muzicii house. De asemenea, arta contemporan\u0103 va fi prezent\u0103, cu referin\u021be la sculptorul Jago \u0219i artistul Emilio Isgr\u00f2. Publicul va fi implicat \u0219i \u00een cadrul proiectului \u201eVolare Milano Cortina 2026\u201d, culmin\u00e2nd cu interpretarea colectiv\u0103 a piesei \u201eNel blu dipinto di blu\u201d, un hit iconic al lui Domenico Modugno.<\/p>\n<p>Ceremonia de \u00eenchidere, programat\u0103 pentru 15 martie, la ora 21:30, va purta titlul \u201eItalian Souvenir\u201d (\u201eSuvenir italian\u201d), oferind o c\u0103l\u0103torie vizual\u0103 \u0219i emo\u021bional\u0103 prin cele mai memorabile momente ale competi\u021biei, sub forma unui \u201ealbum interactiv de amintiri\u201d. \u00cen cadrul acestei ceremonii va avea loc \u0219i predarea drapelului paralimpic c\u0103tre organizatorii edi\u021biei urm\u0103toare, Fran\u021ba 2030. Artista principal\u0103 a serii va fi Arisa, una dintre cele mai apreciate voci ale muzicii italiene.<\/p>\n<h3>Comitetul Interna\u021bional Paralimpic<\/h3>\n<p>Comitetul Interna\u021bional Paralimpic, \u00eenfiin\u021bat \u00een septembrie 1989 \u0219i av\u00e2nd sediul la Bonn, Germania, este organismul global responsabil cu coordonarea Mi\u0219c\u0103rii Paralimpice. Aceast\u0103 organiza\u021bie are misiunea de a promova dezvoltarea sportului paralimpic, de a supraveghea organizarea Jocurilor \u0219i de a oferi suport membrilor afilia\u021bi pentru a ajuta sportivii s\u0103 ating\u0103 excelen\u021ba la cel mai \u00eenalt nivel.<\/p>\n","protected":false},"excerpt":{"rendered":"<p>Peste 600 de atle\u021bi din aproximativ 50 de \u021b\u0103ri se vor aduna pentru a concura \u00een 79 de probe la Jocurile Paralimpice de Iarn\u0103 din 2026, care se vor desf\u0103\u0219ura \u00een \u0219ase discipline diferite. Aceste probe includ 39 pentru b\u0103rba\u021bi, 35 pentru femei \u0219i 5 mixte, oferind o oportunitate unic\u0103 de a celebra performan\u021bele sportive [&hellip;]<\/p>\n","protected":false},"author":6,"featured_media":6522,"comment_status":"open","ping_status":"open","sticky":false,"template":"","format":"standard","meta":{"jnews-multi-image_gallery":[],"jnews_single_post":[],"jnews_primary_category":[],"jnews_override_counter":[],"footnotes":""},"categories":[46],"tags":[9448,3829,4218,2538,5662,5853,4228,9449],"class_list":["post-6521","post","type-post","status-publish","format-standard","has-post-thumbnail","hentry","category-sport","tag-atleti","tag-biatlon","tag-competitii","tag-cortina","tag-jocurile-paralimpice","tag-milano","tag-schi-alpin","tag-val-di-fiemme"],"_links":{"self":[{"href":"https:\/\/www.newsrecorder.ro\/app\/wp-json\/wp\/v2\/posts\/6521","targetHints":{"allow":["GET"]}}],"collection":[{"href":"https:\/\/www.newsrecorder.ro\/app\/wp-json\/wp\/v2\/posts"}],"about":[{"href":"https:\/\/www.newsrecorder.ro\/app\/wp-json\/wp\/v2\/types\/post"}],"author":[{"embeddable":true,"href":"https:\/\/www.newsrecorder.ro\/app\/wp-json\/wp\/v2\/users\/6"}],"replies":[{"embeddable":true,"href":"https:\/\/www.newsrecorder.ro\/app\/wp-json\/wp\/v2\/comments?post=6521"}],"version-history":[{"count":0,"href":"https:\/\/www.newsrecorder.ro\/app\/wp-json\/wp\/v2\/posts\/6521\/revisions"}],"wp:featuredmedia":[{"embeddable":true,"href":"https:\/\/www.newsrecorder.ro\/app\/wp-json\/wp\/v2\/media\/6522"}],"wp:attachment":[{"href":"https:\/\/www.newsrecorder.ro\/app\/wp-json\/wp\/v2\/media?parent=6521"}],"wp:term":[{"taxonomy":"category","embeddable":true,"href":"https:\/\/www.newsrecorder.ro\/app\/wp-json\/wp\/v2\/categories?post=6521"},{"taxonomy":"post_tag","embeddable":true,"href":"https:\/\/www.newsrecorder.ro\/app\/wp-json\/wp\/v2\/tags?post=6521"}],"curies":[{"name":"wp","href":"https:\/\/api.w.org\/{rel}","templated":true}]}}