{"id":6523,"date":"2026-03-04T19:07:07","date_gmt":"2026-03-04T19:07:07","guid":{"rendered":"https:\/\/www.newsrecorder.ro\/app\/2026\/03\/04\/harry-maguire-inchisoare-cu-suspendare-in-grecia-detalii-socante\/"},"modified":"2026-03-04T19:07:07","modified_gmt":"2026-03-04T19:07:07","slug":"harry-maguire-inchisoare-cu-suspendare-in-grecia-detalii-socante","status":"publish","type":"post","link":"https:\/\/www.newsrecorder.ro\/app\/2026\/03\/04\/harry-maguire-inchisoare-cu-suspendare-in-grecia-detalii-socante\/","title":{"rendered":"Harry Maguire, \u00eenchisoare cu suspendare \u00een Grecia: detalii \u0219ocante!"},"content":{"rendered":"<p>Conform unei decizii recente a instan\u021bei, interna\u021bionalul englez Harry Maguire a fost declarat vinovat de agresiune u\u0219oar\u0103, opunere la arestare \u0219i tentativ\u0103 de mituire, fiind condamnat pentru toate cele trei capete de acuzare, informeaz\u0103 Sky Sports.<\/p>\n<p>Dup\u0103 un proces \u00eendelungat, care a durat \u0219ase ani, un complet de judec\u0103tori a confirmat verdictul de vinov\u0103\u021bie. De\u0219i Maguire nu mai poate contesta hot\u0103r\u00e2rea pe fond, avoca\u021bii s\u0103i au posibilitatea de a invoca aspecte legale \u00een fa\u021ba unei instan\u021be superioare.<\/p>\n<p>Judec\u0103torii au decis s\u0103 reduc\u0103 pedeapsa ini\u021bial\u0103, impun\u00e2nd o condamnare de 15 luni \u0219i 20 de zile de \u00eenchisoare cu suspendare, al\u0103turi de o amend\u0103 de 1.500 de euro.<\/p>\n<p><strong>Incidentul din 2020<\/strong><\/p>\n<p>Maguire, \u00een v\u00e2rst\u0103 de 32 de ani, a fost arestat \u00een august 2020, \u00een timpul unei vacan\u021be pe insula Mykonos, dup\u0103 ce a avut un conflict cu poli\u021bia. Acesta a fost acuzat de agresiune, opunere la arestare \u0219i tentativ\u0103 de mituire.<\/p>\n<p>Fotbalistul a <a href=\"https:\/\/www.mediafax.ro\/sport\/harry-maguire-a-vorbit-pentru-prima-data-despre-scandalul-in-care-a-fost-implicat-in-grecia-m-am-temut-pentru-viata-mea-19523732\" target=\"_blank\" rel=\"noopener\">declarat<\/a> constant c\u0103 este nevinovat. \u00cen declara\u021biile sale de la acel moment, Maguire a afirmat c\u0103 nu a realizat c\u0103 persoanele implicate erau poli\u021bi\u0219ti \u0219i c\u0103 s-a temut pentru siguran\u021ba sa \u0219i a familiei sale.<\/p>\n<p>El a negat faptul c\u0103 ar fi lovit pe cineva \u0219i a explicat c\u0103 gesturile care au fost interpretate ca opunere la arestare au avut loc \u00een contextul \u00een care credea c\u0103 este victima unei agresiuni.<\/p>\n","protected":false},"excerpt":{"rendered":"<p>Conform unei decizii recente a instan\u021bei, interna\u021bionalul englez Harry Maguire a fost declarat vinovat de agresiune u\u0219oar\u0103, opunere la arestare \u0219i tentativ\u0103 de mituire, fiind condamnat pentru toate cele trei capete de acuzare, informeaz\u0103 Sky Sports. Dup\u0103 un proces \u00eendelungat, care a durat \u0219ase ani, un complet de judec\u0103tori a confirmat verdictul de vinov\u0103\u021bie. De\u0219i [&hellip;]<\/p>\n","protected":false},"author":6,"featured_media":6524,"comment_status":"open","ping_status":"open","sticky":false,"template":"","format":"standard","meta":{"jnews-multi-image_gallery":[],"jnews_single_post":[],"jnews_primary_category":[],"jnews_override_counter":[],"footnotes":""},"categories":[46],"tags":[1348,557,1732,9450,693,9451,9452,2495],"class_list":["post-6523","post","type-post","status-publish","format-standard","has-post-thumbnail","hentry","category-sport","tag-agresiune","tag-arestare","tag-condamnare","tag-harry-maguire","tag-instanta","tag-mituire","tag-mykonos","tag-proces"],"_links":{"self":[{"href":"https:\/\/www.newsrecorder.ro\/app\/wp-json\/wp\/v2\/posts\/6523","targetHints":{"allow":["GET"]}}],"collection":[{"href":"https:\/\/www.newsrecorder.ro\/app\/wp-json\/wp\/v2\/posts"}],"about":[{"href":"https:\/\/www.newsrecorder.ro\/app\/wp-json\/wp\/v2\/types\/post"}],"author":[{"embeddable":true,"href":"https:\/\/www.newsrecorder.ro\/app\/wp-json\/wp\/v2\/users\/6"}],"replies":[{"embeddable":true,"href":"https:\/\/www.newsrecorder.ro\/app\/wp-json\/wp\/v2\/comments?post=6523"}],"version-history":[{"count":0,"href":"https:\/\/www.newsrecorder.ro\/app\/wp-json\/wp\/v2\/posts\/6523\/revisions"}],"wp:featuredmedia":[{"embeddable":true,"href":"https:\/\/www.newsrecorder.ro\/app\/wp-json\/wp\/v2\/media\/6524"}],"wp:attachment":[{"href":"https:\/\/www.newsrecorder.ro\/app\/wp-json\/wp\/v2\/media?parent=6523"}],"wp:term":[{"taxonomy":"category","embeddable":true,"href":"https:\/\/www.newsrecorder.ro\/app\/wp-json\/wp\/v2\/categories?post=6523"},{"taxonomy":"post_tag","embeddable":true,"href":"https:\/\/www.newsrecorder.ro\/app\/wp-json\/wp\/v2\/tags?post=6523"}],"curies":[{"name":"wp","href":"https:\/\/api.w.org\/{rel}","templated":true}]}}