{"id":6535,"date":"2026-03-04T19:08:45","date_gmt":"2026-03-04T19:08:45","guid":{"rendered":"https:\/\/www.newsrecorder.ro\/app\/2026\/03\/04\/aryna-sabalenka-numarul-1-wta-s-a-logodit-cu-un-antreprenor-brazilian\/"},"modified":"2026-03-04T19:08:45","modified_gmt":"2026-03-04T19:08:45","slug":"aryna-sabalenka-numarul-1-wta-s-a-logodit-cu-un-antreprenor-brazilian","status":"publish","type":"post","link":"https:\/\/www.newsrecorder.ro\/app\/2026\/03\/04\/aryna-sabalenka-numarul-1-wta-s-a-logodit-cu-un-antreprenor-brazilian\/","title":{"rendered":"Aryna Sabalenka, num\u0103rul 1 WTA, s-a logodit cu un antreprenor brazilian!"},"content":{"rendered":"<p>Recent, o sportiv\u0103 din Belarus, \u00een v\u00e2rst\u0103 de 27 de ani, a f\u0103cut valuri \u00een lumea sportului printr-un <a href=\"https:\/\/www.instagram.com\/p\/DVc0fVEjevW\/\" target=\"_blank\" rel=\"noopener\">videoclip<\/a> emo\u021bionant \u00een care a surprins momentul cererii \u00een c\u0103s\u0103torie. Astfel, Georgios Frangulis, \u00een v\u00e2rst\u0103 de 37 de ani, s-a \u00eengenuncheat \u00eentr-un cadru romantic, \u00eempodobit cu flori \u0219i lum\u00e2n\u0103ri, oferindu-i un inel cu un diamant impresionant. Sabalenka a \u00eenso\u021bit imaginile cu mesajul \u201eYou &amp; me, forever\u201d, subliniind astfel leg\u0103tura profund\u0103 dintre cei doi.<\/p>\n<p>Postarea a st\u00e2rnit un val de reac\u021bii pozitive din partea comunit\u0103\u021bii sportive, printre cei care au dorit s\u0103 \u00ee\u0219i exprime felicit\u0103rile num\u0103r\u00e2ndu-se nume mari precum Novak Djokovic, Lindsey Vonn \u0219i Ben Shelton.<\/p>\n<p>Interesant este c\u0103 specula\u021biile legate de o posibil\u0103 logodn\u0103 au \u00eenceput s\u0103 circule \u00eenc\u0103 din luna ianuarie, atunci c\u00e2nd Sabalenka a f\u0103cut referire la o eventual\u0103 c\u0103s\u0103torie, dup\u0103 ce a c\u00e2\u0219tigat turneul Brisbane International.<\/p>\n<p>La edi\u021bia din 2024 a US Open, sportiva a adus un z\u00e2mbet pe fe\u021bele celor din jur, glumind despre o cerere \u00een c\u0103s\u0103torie care a avut loc \u00een tribune, men\u021bion\u00e2nd c\u0103 s-a uitat c\u0103tre partenerul s\u0103u \u201ef\u0103r\u0103 presiune\u201d.<\/p>\n<p>Georgios Frangulis, fondatorul brandului de superalimente Oakberry, are o avere estimat\u0103 la aproximativ 80 de milioane de lire sterline \u0219i a realizat parteneriate semnificative, inclusiv cu echipa Haas F1 Team.<\/p>\n<p>Rela\u021bia dintre Sabalenka \u0219i Frangulis a fost adus\u0103 \u00een lumina reflectoarelor \u00een 2024, la scurt timp dup\u0103 moartea fostului s\u0103u partener, hocheistul belarus Konstantin Koltsov, cu care a avut o rela\u021bie timp de trei ani.<\/p>\n<p>Aryna Sabalenka este o juc\u0103toare de excep\u021bie, de\u021bin\u00e2nd patru titluri de Grand Slam \u0219i av\u00e2nd \u00een prezent prima pozi\u021bie \u00een clasamentul mondial feminin.<\/p>\n","protected":false},"excerpt":{"rendered":"<p>Recent, o sportiv\u0103 din Belarus, \u00een v\u00e2rst\u0103 de 27 de ani, a f\u0103cut valuri \u00een lumea sportului printr-un videoclip emo\u021bionant \u00een care a surprins momentul cererii \u00een c\u0103s\u0103torie. Astfel, Georgios Frangulis, \u00een v\u00e2rst\u0103 de 37 de ani, s-a \u00eengenuncheat \u00eentr-un cadru romantic, \u00eempodobit cu flori \u0219i lum\u00e2n\u0103ri, oferindu-i un inel cu un diamant impresionant. Sabalenka [&hellip;]<\/p>\n","protected":false},"author":6,"featured_media":6536,"comment_status":"open","ping_status":"open","sticky":false,"template":"","format":"standard","meta":{"jnews-multi-image_gallery":[],"jnews_single_post":[],"jnews_primary_category":[],"jnews_override_counter":[],"footnotes":""},"categories":[46],"tags":[1031,9473,1330,9474,9475,1536,2020,1413],"class_list":["post-6535","post","type-post","status-publish","format-standard","has-post-thumbnail","hentry","category-sport","tag-belarus","tag-cerere-in-casatorie","tag-comunitate-sportiva","tag-inel-cu-diamant","tag-reactii-pozitive","tag-sabalenka","tag-sportiva","tag-us-open"],"_links":{"self":[{"href":"https:\/\/www.newsrecorder.ro\/app\/wp-json\/wp\/v2\/posts\/6535","targetHints":{"allow":["GET"]}}],"collection":[{"href":"https:\/\/www.newsrecorder.ro\/app\/wp-json\/wp\/v2\/posts"}],"about":[{"href":"https:\/\/www.newsrecorder.ro\/app\/wp-json\/wp\/v2\/types\/post"}],"author":[{"embeddable":true,"href":"https:\/\/www.newsrecorder.ro\/app\/wp-json\/wp\/v2\/users\/6"}],"replies":[{"embeddable":true,"href":"https:\/\/www.newsrecorder.ro\/app\/wp-json\/wp\/v2\/comments?post=6535"}],"version-history":[{"count":0,"href":"https:\/\/www.newsrecorder.ro\/app\/wp-json\/wp\/v2\/posts\/6535\/revisions"}],"wp:featuredmedia":[{"embeddable":true,"href":"https:\/\/www.newsrecorder.ro\/app\/wp-json\/wp\/v2\/media\/6536"}],"wp:attachment":[{"href":"https:\/\/www.newsrecorder.ro\/app\/wp-json\/wp\/v2\/media?parent=6535"}],"wp:term":[{"taxonomy":"category","embeddable":true,"href":"https:\/\/www.newsrecorder.ro\/app\/wp-json\/wp\/v2\/categories?post=6535"},{"taxonomy":"post_tag","embeddable":true,"href":"https:\/\/www.newsrecorder.ro\/app\/wp-json\/wp\/v2\/tags?post=6535"}],"curies":[{"name":"wp","href":"https:\/\/api.w.org\/{rel}","templated":true}]}}