{"id":6539,"date":"2026-03-04T19:10:08","date_gmt":"2026-03-04T19:10:08","guid":{"rendered":"https:\/\/www.newsrecorder.ro\/app\/2026\/03\/04\/primavara-soseste-in-iarna-balcanica-romania-se-bucura-de-caldura\/"},"modified":"2026-03-04T19:10:08","modified_gmt":"2026-03-04T19:10:08","slug":"primavara-soseste-in-iarna-balcanica-romania-se-bucura-de-caldura","status":"publish","type":"post","link":"https:\/\/www.newsrecorder.ro\/app\/2026\/03\/04\/primavara-soseste-in-iarna-balcanica-romania-se-bucura-de-caldura\/","title":{"rendered":"Prim\u0103vara sose\u0219te \u00een iarna balcanic\u0103: Rom\u00e2nia se bucur\u0103 de c\u0103ldur\u0103!"},"content":{"rendered":"<p>O mas\u0103 de aer neobi\u0219nuit de cald\u0103 se preg\u0103te\u0219te s\u0103 acopere o mare parte din Europa \u00een zilele urm\u0103toare, aduc\u00e2nd <a href=\"https:\/\/www.mediafax.ro\/meteo\/a-nins-abundent-in-zona-montana-din-suceava-cod-galben-de-vant-in-moldova-miercuri-23692487\">temperaturi<\/a> \u0219i condi\u021bii asem\u0103n\u0103toare prim\u0103verii, chiar \u00een mijlocul iernii, conform informa\u021biilor furnizate de milletnews.com.<\/p>\n<p>Meteorologii explic\u0103 acest fenomen prin formarea unei intense \u201ecupe de c\u0103ldur\u0103\u201d \u00een atmosfera superioar\u0103, care va determina o cre\u0219tere a temperaturilor cu mult peste valorile obi\u0219nuite pentru aceast\u0103 perioad\u0103 a anului.<\/p>\n<p>\u00cencep\u00e2nd cu mijlocul s\u0103pt\u0103m\u00e2nii, se estimeaz\u0103 c\u0103 temperaturile dintr-o mare parte a Balcanilor, inclusiv Rom\u00e2nia, ar putea dep\u0103\u0219i cu 12 p\u00e2n\u0103 la 15 grade Celsius mediile sezoniere.<\/p>\n<p>Aerul cald va avansa treptat spre Grecia, unde regiunile vestice, sudice \u0219i continentale vor resim\u021bi cel mai acut efectul acestei \u00eenc\u0103lziri.<\/p>\n<p>Acest model meteorologic va influen\u021ba \u00eentreaga regiune balcanic\u0103, afect\u00e2nd \u021b\u0103ri precum Serbia, Macedonia de Nord, Bulgaria, Albania \u0219i Rom\u00e2nia.<\/p>\n<p>\u00cen diverse zone, temperaturile ar putea atinge valori cuprinse \u00eentre 18 \u0219i 22\u00b0C, cu maxime chiar mai ridicate \u00een sudul Balcanilor.<\/p>\n<p>Condi\u021biile de prim\u0103var\u0103 se estimeaz\u0103 c\u0103 vor dura p\u00e2n\u0103 dup\u0103 1 martie, iar \u00een Grecia, temperaturile maxime vor continua s\u0103 creasc\u0103 constant p\u00e2n\u0103 la sf\u00e2r\u0219itul s\u0103pt\u0103m\u00e2nii.<\/p>\n<p>Cerul va fi predominant senin, cu nori pu\u021bini \u0219i \u0219anse minime de precipita\u021bii, \u00een timp ce v\u00e2nturile slabe p\u00e2n\u0103 la moderate vor contribui la men\u021binerea unor condi\u021bii bl\u00e2nde \u0219i pl\u0103cute.<\/p>\n<p>Speciali\u0219tii estimeaz\u0103 c\u0103 aceast\u0103 perioad\u0103 cu aspect de prim\u0103var\u0103 va persista p\u00e2n\u0103 la finalul s\u0103pt\u0103m\u00e2nii \u0219i \u00een primele zile ale lunii martie. Ulterior, se preconizeaz\u0103 o sl\u0103bire a domului de c\u0103ldur\u0103, ceea ce va permite o revenire la vremuri mai instabile, cu temperaturi mai sc\u0103zute \u0219i posibile precipita\u021bii.<\/p>\n","protected":false},"excerpt":{"rendered":"<p>O mas\u0103 de aer neobi\u0219nuit de cald\u0103 se preg\u0103te\u0219te s\u0103 acopere o mare parte din Europa \u00een zilele urm\u0103toare, aduc\u00e2nd temperaturi \u0219i condi\u021bii asem\u0103n\u0103toare prim\u0103verii, chiar \u00een mijlocul iernii, conform informa\u021biilor furnizate de milletnews.com. Meteorologii explic\u0103 acest fenomen prin formarea unei intense \u201ecupe de c\u0103ldur\u0103\u201d \u00een atmosfera superioar\u0103, care va determina o cre\u0219tere a temperaturilor [&hellip;]<\/p>\n","protected":false},"author":5,"featured_media":6540,"comment_status":"open","ping_status":"open","sticky":false,"template":"","format":"standard","meta":{"jnews-multi-image_gallery":[],"jnews_single_post":[],"jnews_primary_category":[],"jnews_override_counter":[],"footnotes":""},"categories":[45],"tags":[7857,9479,7860,564,133,3233,149,737],"class_list":["post-6539","post","type-post","status-publish","format-standard","has-post-thumbnail","hentry","category-meteo","tag-aer-cald","tag-balcanici","tag-cupe-de-caldura","tag-iarna","tag-meteorologie","tag-primavara","tag-romania","tag-temperaturi-ridicate"],"_links":{"self":[{"href":"https:\/\/www.newsrecorder.ro\/app\/wp-json\/wp\/v2\/posts\/6539","targetHints":{"allow":["GET"]}}],"collection":[{"href":"https:\/\/www.newsrecorder.ro\/app\/wp-json\/wp\/v2\/posts"}],"about":[{"href":"https:\/\/www.newsrecorder.ro\/app\/wp-json\/wp\/v2\/types\/post"}],"author":[{"embeddable":true,"href":"https:\/\/www.newsrecorder.ro\/app\/wp-json\/wp\/v2\/users\/5"}],"replies":[{"embeddable":true,"href":"https:\/\/www.newsrecorder.ro\/app\/wp-json\/wp\/v2\/comments?post=6539"}],"version-history":[{"count":0,"href":"https:\/\/www.newsrecorder.ro\/app\/wp-json\/wp\/v2\/posts\/6539\/revisions"}],"wp:featuredmedia":[{"embeddable":true,"href":"https:\/\/www.newsrecorder.ro\/app\/wp-json\/wp\/v2\/media\/6540"}],"wp:attachment":[{"href":"https:\/\/www.newsrecorder.ro\/app\/wp-json\/wp\/v2\/media?parent=6539"}],"wp:term":[{"taxonomy":"category","embeddable":true,"href":"https:\/\/www.newsrecorder.ro\/app\/wp-json\/wp\/v2\/categories?post=6539"},{"taxonomy":"post_tag","embeddable":true,"href":"https:\/\/www.newsrecorder.ro\/app\/wp-json\/wp\/v2\/tags?post=6539"}],"curies":[{"name":"wp","href":"https:\/\/api.w.org\/{rel}","templated":true}]}}