{"id":6577,"date":"2026-03-05T02:35:52","date_gmt":"2026-03-05T02:35:52","guid":{"rendered":"https:\/\/www.newsrecorder.ro\/app\/2026\/03\/05\/alexandra-capitanescu-va-ridica-steagul-romaniei-la-eurovision-2026\/"},"modified":"2026-03-05T02:35:52","modified_gmt":"2026-03-05T02:35:52","slug":"alexandra-capitanescu-va-ridica-steagul-romaniei-la-eurovision-2026","status":"publish","type":"post","link":"https:\/\/www.newsrecorder.ro\/app\/2026\/03\/05\/alexandra-capitanescu-va-ridica-steagul-romaniei-la-eurovision-2026\/","title":{"rendered":"Alexandra C\u0103pit\u0103nescu va ridica steagul Rom\u00e2niei la Eurovision 2026!"},"content":{"rendered":"<p>Rom\u00e2nia a ales miercuri sear\u0103 un nou reprezentant pentru prestigiosul concurs Eurovision Song Contest 2026. C\u00e2\u0219tig\u0103toarea selec\u021biei na\u021bionale, Alexandra C\u0103pit\u0103nescu, va urca pe scena din Viena \u00een luna mai, interpret\u00e2nd piesa rock \u201eChoke Me\u201d, o melodie cu un mesaj personal profund.<\/p>\n<p>Emo\u021bia a fost resim\u021bit\u0103 din plin de artist\u0103, care a subliniat dorin\u021ba sa de a transmite un mesaj autentic prin muzica sa. \u201eVreau ca muzica mea s\u0103 ajung\u0103 la oameni\u201d, a declarat Alexandra imediat dup\u0103 ce a fost anun\u021bat\u0103 ca fiind c\u00e2\u0219tig\u0103toare.<\/p>\n<p>Piesa \u201eChoke Me\u201d reflect\u0103, \u00een viziunea Alexandrei, o confruntare interioar\u0103. Aceasta eviden\u021biaz\u0103 lupta cu g\u00e2ndurile ap\u0103s\u0103toare \u0219i cu temerile care adesea ne \u00eempiedic\u0103 s\u0103 ne dezvolt\u0103m personal. Artista a descris melodia ca pe un dialog cu \u201evocile fantom\u0103 care nu ne dau pace, ne \u021bin bloca\u021bi \u00een trecut \u0219i ne ancoreaz\u0103 \u00een frici\u201d.<\/p>\n<p>Cu toate acestea, mesajul central al melodiei este unul optimist. \u201eRefrenul este destul de pozitiv: subliniaz\u0103 importan\u021ba iubirii de sine \u0219i ne \u00eendeamn\u0103 s\u0103 fim mai bl\u00e2nzi cu noi \u00een\u0219ine, \u00een toate aspectele vie\u021bii, deoarece doar a\u0219a putem atinge adev\u0103ratul nostru poten\u021bial. Dac\u0103 nu ne impunem limite, putem ajunge 100% la poten\u021bialul nostru\u201d, a afirmat artista, conform <a href=\"https:\/\/eurovisionromania.ro\/\">eurovisionromania.ro<\/a>.<\/p>\n<p>Selec\u021bia Na\u021bional\u0103 pentru Eurovision 2026 a \u00eenceput la ora 20:00, fiind transmis\u0103 pe TVR 1, TVR Moldova \u0219i TVR Interna\u021bional, dar \u0219i online pe platforma tvrplus.ro, aplica\u021bia mobil\u0103 TVR+ \u0219i pe canalul oficial de YouTube al TVR.<\/p>\n<p>Decizia final\u0103 a fost luat\u0103 de un juriu de specialitate, care a acordat puncte fiec\u0103rui concurent. Artistul cu cel mai mare punctaj a c\u00e2\u0219tigat dreptul de a reprezenta Rom\u00e2nia la Viena. Dup\u0103 desf\u0103\u0219urarea semifinalelor, jura\u021bii au selectat zece finali\u0219ti, iar publicul a adus \u00een final\u0103 \u00eenc\u0103 doi arti\u0219ti: Antonio Pican \u0219i Andrei Ursu, cunoscut sub numele de scen\u0103 WRS.<\/p>\n<p>Juriul a inclus nume de referin\u021b\u0103 din industria muzical\u0103 \u0219i media, printre care Andreea B\u0103lan, compozitorul Andrei Tudor, Marius Dia, Cristian Tarcea (Monoir), Elena Popa, Doru Ionescu \u0219i Cristian Marica R\u0103doi.<\/p>\n<p>Tragerea la sor\u021bi pentru repartizarea \u021b\u0103rilor \u00een semifinale a avut loc la Viena pe 12 ianuarie. \u00cen urma acesteia, s-a stabilit c\u0103 \u00een prima semifinal\u0103, programat\u0103 pe 12 mai, vor concura \u021b\u0103ri precum Israel, Muntenegru, Estonia, Georgia, Portugalia, San Marino, Croa\u021bia, Suedia, Polonia, Belgia, Lituania, Serbia, Finlanda, Moldova \u0219i Grecia. A doua semifinal\u0103, programat\u0103 pe 14 mai, va include Albania, Danemarca, Armenia, <strong>Rom\u00e2nia<\/strong>, Cipru, Elve\u021bia, Norvegia, Azerbaijan, Luxemburg, Malta, Bulgaria, Australia, Ucraina, Republica Ceh\u0103 \u0219i Letonia.<\/p>\n<p>\u00cen marele final, care va avea loc pe 16 mai, vor participa automat \u021bara gazd\u0103, Austria, precum \u0219i Fran\u021ba, Germania, Italia \u0219i Marea Britanie, datorit\u0103 statutului lor de principali sus\u021bin\u0103tori financiari ai competi\u021biei.<\/p>\n","protected":false},"excerpt":{"rendered":"<p>Rom\u00e2nia a ales miercuri sear\u0103 un nou reprezentant pentru prestigiosul concurs Eurovision Song Contest 2026. C\u00e2\u0219tig\u0103toarea selec\u021biei na\u021bionale, Alexandra C\u0103pit\u0103nescu, va urca pe scena din Viena \u00een luna mai, interpret\u00e2nd piesa rock \u201eChoke Me\u201d, o melodie cu un mesaj personal profund. Emo\u021bia a fost resim\u021bit\u0103 din plin de artist\u0103, care a subliniat dorin\u021ba sa de [&hellip;]<\/p>\n","protected":false},"author":7,"featured_media":6578,"comment_status":"open","ping_status":"open","sticky":false,"template":"","format":"standard","meta":{"jnews-multi-image_gallery":[],"jnews_single_post":[],"jnews_primary_category":[],"jnews_override_counter":[],"footnotes":""},"categories":[43],"tags":[9489,9490,56,748,9488,9492,9491,271],"class_list":["post-6577","post","type-post","status-publish","format-standard","has-post-thumbnail","hentry","category-cultura","tag-alexandra-capitanescu","tag-choke-me","tag-competitie","tag-dezvoltare-personala","tag-eurovision","tag-frici","tag-mesaj-personal","tag-muzica"],"_links":{"self":[{"href":"https:\/\/www.newsrecorder.ro\/app\/wp-json\/wp\/v2\/posts\/6577","targetHints":{"allow":["GET"]}}],"collection":[{"href":"https:\/\/www.newsrecorder.ro\/app\/wp-json\/wp\/v2\/posts"}],"about":[{"href":"https:\/\/www.newsrecorder.ro\/app\/wp-json\/wp\/v2\/types\/post"}],"author":[{"embeddable":true,"href":"https:\/\/www.newsrecorder.ro\/app\/wp-json\/wp\/v2\/users\/7"}],"replies":[{"embeddable":true,"href":"https:\/\/www.newsrecorder.ro\/app\/wp-json\/wp\/v2\/comments?post=6577"}],"version-history":[{"count":0,"href":"https:\/\/www.newsrecorder.ro\/app\/wp-json\/wp\/v2\/posts\/6577\/revisions"}],"wp:featuredmedia":[{"embeddable":true,"href":"https:\/\/www.newsrecorder.ro\/app\/wp-json\/wp\/v2\/media\/6578"}],"wp:attachment":[{"href":"https:\/\/www.newsrecorder.ro\/app\/wp-json\/wp\/v2\/media?parent=6577"}],"wp:term":[{"taxonomy":"category","embeddable":true,"href":"https:\/\/www.newsrecorder.ro\/app\/wp-json\/wp\/v2\/categories?post=6577"},{"taxonomy":"post_tag","embeddable":true,"href":"https:\/\/www.newsrecorder.ro\/app\/wp-json\/wp\/v2\/tags?post=6577"}],"curies":[{"name":"wp","href":"https:\/\/api.w.org\/{rel}","templated":true}]}}