{"id":6579,"date":"2026-03-05T02:36:12","date_gmt":"2026-03-05T02:36:12","guid":{"rendered":"https:\/\/www.newsrecorder.ro\/app\/2026\/03\/05\/ministrul-energiei-am-prevenit-speculatiile-din-orientul-mijlociu\/"},"modified":"2026-03-05T02:36:12","modified_gmt":"2026-03-05T02:36:12","slug":"ministrul-energiei-am-prevenit-speculatiile-din-orientul-mijlociu","status":"publish","type":"post","link":"https:\/\/www.newsrecorder.ro\/app\/2026\/03\/05\/ministrul-energiei-am-prevenit-speculatiile-din-orientul-mijlociu\/","title":{"rendered":"Ministrul Energiei: \u201eAm prevenit specula\u021biile din Orientul Mijlociu!\u201d"},"content":{"rendered":"<p>Ministrul Energiei, Bogdan Ivan, a anun\u021bat recent c\u0103, \u00een urma cre\u0219terii medii a pre\u021bului carburan\u021bilor cu 20 de bani pe litru, Consiliul Concuren\u021bei a demarat o verificare pentru a stabili dac\u0103 aceast\u0103 majorare este justificat\u0103 sau dac\u0103 reprezint\u0103 o form\u0103 de specul\u0103.<\/p>\n<p>\u00cen cadrul unei declara\u021bii, ministrul a subliniat c\u0103 Rom\u00e2nia continu\u0103 s\u0103 se situeze printre \u021b\u0103rile cu cele mai mici pre\u021buri la benzin\u0103 \u0219i motorin\u0103 din Europa, \u00een ciuda fluctua\u021biilor interna\u021bionale cauzate de conflictul din Orientul Mijlociu, comparativ cu alte state europene unde scumpirile sunt semnificativ mai mari.<\/p>\n<p>\u201e\u00cen prezent, Consiliul Concuren\u021bei analizeaz\u0103 dac\u0103 exist\u0103 specul\u0103. Dac\u0103 ne raport\u0103m la cota\u021biile interna\u021bionale de ast\u0103zi, pre\u021burile ar fi mult mai ridicate. Totu\u0219i, petrolul v\u00e2ndut la pomp\u0103 nu este acela\u0219i cu cel achizi\u021bionat ast\u0103zi. Vorbim despre stocuri mai vechi, iar acum se face un mix \u00eentre pre\u021burile actuale de 1.100 de dolari pe ton\u0103 pentru motorin\u0103 \u0219i cele de 700 de dolari, c\u00e2t erau acum dou\u0103 luni. \u00cen acest context, este clar c\u0103 exist\u0103 o tendin\u021b\u0103 de cre\u0219tere,\u201d a explicat Bogdan Ivan \u00een cadrul unei emisiuni televizate la Antena 3.<\/p>\n<p>C\u00e2nd a fost \u00eentrebat dac\u0103 majorarea rapid\u0103 a pre\u021burilor este rezultatul speculei sau are o baz\u0103 real\u0103, Ivan a afirmat: \u201eAm luat m\u0103suri pentru a preveni orice agent economic s\u0103 profite de conflictul din Orientul Mijlociu pentru a cre\u0219te artificial pre\u021burile. Aceasta a dus la o cre\u0219tere de 20 de bani \u00een Rom\u00e2nia, comparativ cu alte \u021b\u0103ri, unde major\u0103rile sunt mult mai mari: \u00een Italia pre\u021burile au crescut de aproape patru ori, \u00een Spania cu dou\u0103 jum\u0103t\u0103\u021bi mai mult, iar \u00een Germania de zece ori.\u201d<\/p>\n<p>Ministrul a ad\u0103ugat c\u0103 autorit\u0103\u021bile rom\u00e2ne \u00ee\u0219i \u00eendeplinesc atribu\u021biile, preciz\u00e2nd c\u0103 nici el, nici prim-ministrul nu pot controla evolu\u021biile interna\u021bionale. Cu toate acestea, \u00een cazul \u00een care tensiunile din Orientul Mijlociu persist\u0103, exist\u0103 posibilitatea ca statul s\u0103 intervin\u0103 temporar prin reducerea accizei, pentru a limita astfel cre\u0219terea pre\u021burilor la carburan\u021bi.<\/p>\n<p>\u201eExist\u0103 scenarii pe care le analiz\u0103m \u00een func\u021bie de evolu\u021bia situa\u021biei. Unul dintre acestea vizeaz\u0103 o ajustare temporar\u0103 a pre\u021burilor pentru a le men\u021bine sub un anumit prag psihologic, \u00een cazul \u00een care tendin\u021ba de cre\u0219tere se va men\u021bine \u00een zilele urm\u0103toare. De asemenea, pentru categoriile speciale, precum transportatorii \u0219i agricultorii, lu\u0103m \u00een considerare o form\u0103 de compensare care s\u0103-i sprijine, av\u00e2nd \u00een vedere c\u0103 orice cre\u0219tere a costurilor pentru ace\u0219tia se va reflecta \u00een lan\u021b asupra pre\u021burilor serviciilor din \u021bar\u0103,\u201d a explicat Bogdan Ivan.<\/p>\n<p>\u00cen concluzie, Consiliul Concuren\u021bei continu\u0103 s\u0103 monitorizeze atent evolu\u021bia pre\u021burilor \u0219i comportamentul comercian\u021bilor de carburan\u021bi, av\u00e2nd \u00een vedere impactul conflictului militar din Orientul Mijlociu \u0219i blocada din Str\u00e2mtoarea Ormuz.<\/p>\n","protected":false},"excerpt":{"rendered":"<p>Ministrul Energiei, Bogdan Ivan, a anun\u021bat recent c\u0103, \u00een urma cre\u0219terii medii a pre\u021bului carburan\u021bilor cu 20 de bani pe litru, Consiliul Concuren\u021bei a demarat o verificare pentru a stabili dac\u0103 aceast\u0103 majorare este justificat\u0103 sau dac\u0103 reprezint\u0103 o form\u0103 de specul\u0103. \u00cen cadrul unei declara\u021bii, ministrul a subliniat c\u0103 Rom\u00e2nia continu\u0103 s\u0103 se situeze [&hellip;]<\/p>\n","protected":false},"author":2,"featured_media":6580,"comment_status":"open","ping_status":"open","sticky":false,"template":"","format":"standard","meta":{"jnews-multi-image_gallery":[],"jnews_single_post":[],"jnews_primary_category":[],"jnews_override_counter":[],"footnotes":""},"categories":[42],"tags":[8855,2483,9495,3214,8967,9174,9494,9493],"class_list":["post-6579","post","type-post","status-publish","format-standard","has-post-thumbnail","hentry","category-politica","tag-benzina","tag-consiliul-concurentei","tag-fluctuatii-internationale","tag-ministrul-energiei","tag-motorina","tag-pret-carburanti","tag-specula","tag-verificare-preturi"],"_links":{"self":[{"href":"https:\/\/www.newsrecorder.ro\/app\/wp-json\/wp\/v2\/posts\/6579","targetHints":{"allow":["GET"]}}],"collection":[{"href":"https:\/\/www.newsrecorder.ro\/app\/wp-json\/wp\/v2\/posts"}],"about":[{"href":"https:\/\/www.newsrecorder.ro\/app\/wp-json\/wp\/v2\/types\/post"}],"author":[{"embeddable":true,"href":"https:\/\/www.newsrecorder.ro\/app\/wp-json\/wp\/v2\/users\/2"}],"replies":[{"embeddable":true,"href":"https:\/\/www.newsrecorder.ro\/app\/wp-json\/wp\/v2\/comments?post=6579"}],"version-history":[{"count":0,"href":"https:\/\/www.newsrecorder.ro\/app\/wp-json\/wp\/v2\/posts\/6579\/revisions"}],"wp:featuredmedia":[{"embeddable":true,"href":"https:\/\/www.newsrecorder.ro\/app\/wp-json\/wp\/v2\/media\/6580"}],"wp:attachment":[{"href":"https:\/\/www.newsrecorder.ro\/app\/wp-json\/wp\/v2\/media?parent=6579"}],"wp:term":[{"taxonomy":"category","embeddable":true,"href":"https:\/\/www.newsrecorder.ro\/app\/wp-json\/wp\/v2\/categories?post=6579"},{"taxonomy":"post_tag","embeddable":true,"href":"https:\/\/www.newsrecorder.ro\/app\/wp-json\/wp\/v2\/tags?post=6579"}],"curies":[{"name":"wp","href":"https:\/\/api.w.org\/{rel}","templated":true}]}}