{"id":659,"date":"2026-01-27T08:11:23","date_gmt":"2026-01-27T08:11:23","guid":{"rendered":"https:\/\/www.newsrecorder.ro\/app\/2026\/01\/27\/psg-a-confirmat-transferul-lui-dro-de-la-barcelona\/"},"modified":"2026-01-27T08:11:23","modified_gmt":"2026-01-27T08:11:23","slug":"psg-a-confirmat-transferul-lui-dro-de-la-barcelona","status":"publish","type":"post","link":"https:\/\/www.newsrecorder.ro\/app\/2026\/01\/27\/psg-a-confirmat-transferul-lui-dro-de-la-barcelona\/","title":{"rendered":"PSG a confirmat transferul lui Dro de la Barcelona!"},"content":{"rendered":"<p><strong>Paris Saint-Germain<\/strong> a anun\u021bat cu entuziasm semnarea t\u00e2n\u0103rului mijloca\u0219 Dro Fernandez, \u00eentr-un comunicat oficial. Clubul parizian a subliniat c\u0103 juc\u0103torul spaniol, \u00een v\u00e2rst\u0103 de 18 ani, va purta cu m\u00e2ndrie num\u0103rul 27 pe tricou \u0219i a semnat un contract valabil p\u00e2n\u0103 \u00een 2030.<\/p>\n<p>De\u0219i PSG nu a divulgat suma exact\u0103 pl\u0103tit\u0103 pentru transfer, sursele din presa spaniol\u0103 indic\u0103 faptul c\u0103 echipa din Ligue 1 a achitat pu\u021bin peste clauza de reziliere, estimat\u0103 la \u0219ase milioane de euro, sum\u0103 ce se ridic\u0103 la aproximativ 8,2 milioane de euro.<\/p>\n<p>Pedro Fern\u00e1ndez Sarmiento, cunoscut sub numele de \u201eDro\u201d, provine din Galicia, o regiune situat\u0103 \u00een nord-vestul Spaniei, \u0219i a f\u0103cut parte din academia celebr\u0103 La Masia din 2022. \u00cen cadrul primei echipe a FC Barcelona, el a reu\u0219it s\u0103 dispute opt meciuri.<\/p>\n<p>\u00centr-o postare emo\u021bionant\u0103 pe Instagram, Dro a reflectat asupra deciziei sale, afirm\u00e2nd: \u201eDup\u0103 aproape patru sezoane de neuitat, ast\u0103zi trebuie s\u0103 iau una dintre cele mai dificile decizii din via\u021ba mea: s\u0103-mi iau r\u0103mas-bun de la clubul care mi-a fost cas\u0103 \u00een ultimii ani.\u201d<\/p>\n<p>Reac\u021bia antrenorului Barcelonei, Hansi Flick, a fost de dezam\u0103gire fa\u021b\u0103 de plecarea juc\u0103torului. Tehnicianul german a subliniat c\u0103 pentru a juca la Barcelona, un juc\u0103tor trebuie s\u0103 o fac\u0103 \u201e100% cu toat\u0103 inima\u201d \u0219i s\u0103 \u201etr\u0103iasc\u0103 pentru aceste culori\u201d.<\/p>\n","protected":false},"excerpt":{"rendered":"<p>Paris Saint-Germain a anun\u021bat cu entuziasm semnarea t\u00e2n\u0103rului mijloca\u0219 Dro Fernandez, \u00eentr-un comunicat oficial. Clubul parizian a subliniat c\u0103 juc\u0103torul spaniol, \u00een v\u00e2rst\u0103 de 18 ani, va purta cu m\u00e2ndrie num\u0103rul 27 pe tricou \u0219i a semnat un contract valabil p\u00e2n\u0103 \u00een 2030. De\u0219i PSG nu a divulgat suma exact\u0103 pl\u0103tit\u0103 pentru transfer, sursele din [&hellip;]<\/p>\n","protected":false},"author":6,"featured_media":660,"comment_status":"open","ping_status":"open","sticky":false,"template":"","format":"standard","meta":{"jnews-multi-image_gallery":[],"jnews_single_post":[],"jnews_primary_category":[],"jnews_override_counter":[],"footnotes":""},"categories":[46],"tags":[1160,1162,1157,89,1161,1159,1156,1158],"class_list":["post-659","post","type-post","status-publish","format-standard","has-post-thumbnail","hentry","category-sport","tag-barcelona","tag-contract","tag-dro-fernandez","tag-fotbal","tag-la-masia","tag-ligue-1","tag-psg","tag-transfer"],"_links":{"self":[{"href":"https:\/\/www.newsrecorder.ro\/app\/wp-json\/wp\/v2\/posts\/659","targetHints":{"allow":["GET"]}}],"collection":[{"href":"https:\/\/www.newsrecorder.ro\/app\/wp-json\/wp\/v2\/posts"}],"about":[{"href":"https:\/\/www.newsrecorder.ro\/app\/wp-json\/wp\/v2\/types\/post"}],"author":[{"embeddable":true,"href":"https:\/\/www.newsrecorder.ro\/app\/wp-json\/wp\/v2\/users\/6"}],"replies":[{"embeddable":true,"href":"https:\/\/www.newsrecorder.ro\/app\/wp-json\/wp\/v2\/comments?post=659"}],"version-history":[{"count":0,"href":"https:\/\/www.newsrecorder.ro\/app\/wp-json\/wp\/v2\/posts\/659\/revisions"}],"wp:featuredmedia":[{"embeddable":true,"href":"https:\/\/www.newsrecorder.ro\/app\/wp-json\/wp\/v2\/media\/660"}],"wp:attachment":[{"href":"https:\/\/www.newsrecorder.ro\/app\/wp-json\/wp\/v2\/media?parent=659"}],"wp:term":[{"taxonomy":"category","embeddable":true,"href":"https:\/\/www.newsrecorder.ro\/app\/wp-json\/wp\/v2\/categories?post=659"},{"taxonomy":"post_tag","embeddable":true,"href":"https:\/\/www.newsrecorder.ro\/app\/wp-json\/wp\/v2\/tags?post=659"}],"curies":[{"name":"wp","href":"https:\/\/api.w.org\/{rel}","templated":true}]}}