{"id":6593,"date":"2026-03-05T02:37:55","date_gmt":"2026-03-05T02:37:55","guid":{"rendered":"https:\/\/www.newsrecorder.ro\/app\/2026\/03\/05\/bolojan-pretul-carburantului-ar-putea-atinge-10-lei-depinde-de-criza-din-orient\/"},"modified":"2026-03-05T02:37:55","modified_gmt":"2026-03-05T02:37:55","slug":"bolojan-pretul-carburantului-ar-putea-atinge-10-lei-depinde-de-criza-din-orient","status":"publish","type":"post","link":"https:\/\/www.newsrecorder.ro\/app\/2026\/03\/05\/bolojan-pretul-carburantului-ar-putea-atinge-10-lei-depinde-de-criza-din-orient\/","title":{"rendered":"Bolojan: Pre\u021bul carburantului ar putea atinge 10 lei, depinde de criza din Orient!"},"content":{"rendered":"<p>\u00cen cadrul unei apari\u021bii la B1 TV, premierul Ilie Bolojan a fost \u00eentrebat despre posibila cre\u0219tere a pre\u021bului combustibililor, \u00een contextul recentelor evenimente din Orientul Mijlociu \u0219i bloc\u0103rii tranzitului prin str\u00e2mtoarea Ormuz.<\/p>\n<p>\u201eNu pot prezice un astfel de lucru, dar nu-mi doresc ca acest scenariu s\u0103 devin\u0103 realitate. Totu\u0219i, trebuie s\u0103 recunoa\u0219tem ni\u0219te fapte. R\u0103zboiul din zona Golfului a dus la o blocare de aproximativ 90% a traficului prin str\u00e2mtoarea Ormuz. Aceasta \u00eenseamn\u0103 c\u0103 o parte semnificativ\u0103 din petrolul \u0219i gazele lichefiate exportate de \u021b\u0103rile din Golf c\u0103tre restul lumii nu mai ajung pe pie\u021bele interna\u021bionale. Astfel, oferta global\u0103 s-a restr\u00e2ns, gener\u00e2nd o cre\u0219tere a pre\u021burilor. Acesta este un fenomen obi\u0219nuit \u00een timpul crizelor de acest tip\u201d, a explicat Bolojan.<\/p>\n<p>Premierul a ad\u0103ugat c\u0103, at\u00e2t timp c\u00e2t tranzitul prin str\u00e2mtoarea Ormuz r\u0103m\u00e2ne blocat, pie\u021bele globale vor continua s\u0103 reac\u021bioneze, iar importatorii, inclusiv cei din Rom\u00e2nia, vor trebui s\u0103 achizi\u021bioneze combustibili la pre\u021buri mai mari. \u201eTo\u021bi importatorii din Rom\u00e2nia vor face achizi\u021bii la pre\u021buri crescute, chiar dac\u0103 avem stocuri pentru c\u00e2teva luni. Este adev\u0103rat c\u0103 pre\u021bul \u021bi\u021beiului nu se reflect\u0103 \u00een totalitate \u00een pre\u021burile benzinei sau motorinei, dar av\u00e2nd \u00een vedere c\u0103 pre\u021bul combustibilului este influen\u021bat \u00een propor\u021bie de 40-50% de pre\u021bul \u021bi\u021beiului, este inevitabil ca o cre\u0219tere a acestuia s\u0103 se resimt\u0103\u201d, a precizat el.<\/p>\n<p>Bolojan a subliniat c\u0103 impactul asupra pre\u021burilor va fi mai mic dac\u0103 criza se va \u00eencheia rapid, dar, \u00een cazul \u00een care situa\u021bia se complic\u0103, efectele vor fi mai severe. \u201eCu c\u00e2t criza se termin\u0103 mai repede, cu at\u00e2t impactul va fi mai mic. Este posibil s\u0103 observ\u0103m cre\u0219teri marginale, influen\u021bate emo\u021bional, dar dac\u0103 lucrurile se complic\u0103, impactul va fi semnificativ mai mare\u201d, a declarat premierul.<\/p>\n<p>Aflat \u00een fa\u021ba observa\u021biei c\u0103 au existat deja cre\u0219teri ale pre\u021bului la pomp\u0103 \u00een ultimele dou\u0103 luni, de\u0219i conflictul din Orientul Mijlociu a \u00eenceput recent, Bolojan a explicat c\u0103 pie\u021bele reac\u021bioneaz\u0103 la tensiunile interna\u021bionale, cum ar fi cele dintre Israel \u0219i Gaza \u0219i evolu\u021biile din Iran. El a comparat aceast\u0103 situa\u021bie cu reac\u021biile pie\u021belor financiare la instabilitatea politic\u0103 intern\u0103.<\/p>\n<p>\u201eCre\u0219terile de pre\u021buri pot fi influen\u021bate de escaladarea tensiunilor interna\u021bionale. De exemplu, odat\u0103 cu \u00eenceperea r\u0103zboiului \u00een Gaza, exist\u0103 un poten\u021bial de contagiune \u00een zon\u0103, a\u0219a cum s-a observat \u0219i \u00een cazul Iranului. C\u00e2nd Statele Unite \u00ee\u0219i deplaseaz\u0103 portavioanele \u00een Golful Persic \u0219i tensiunile cresc, pie\u021bele reac\u021bioneaz\u0103. La fel se \u00eent\u00e2mpl\u0103 \u0219i \u00een Rom\u00e2nia: atunci c\u00e2nd \u0219tirile panicarde despre crize politice devin frecvente, dob\u00e2nzile la care se \u00eemprumut\u0103 Rom\u00e2nia cresc\u201d, a ad\u0103ugat Bolojan.<\/p>\n<p>Referitor la <a href=\"https:\/\/www.mediafax.ro\/economic\/ministrul-energiei-revine-asupra-declaratiilor-de-ieri-privind-pretul-carburantilor-la-pompa-bogdan-ivan-am-putea-sa-ajungem-si-la-si-la-cel-acel-prag-psihologic-de-10-lei-23696619\">declara\u021biile contradictorii ale ministrului energiei<\/a> privind posibilitatea ca pre\u021bul s\u0103 ajung\u0103 la 10 lei, premierul a afirmat c\u0103, \u00een astfel de situa\u021bii, \u201ecel mai \u00een\u021belept lucru este s\u0103 fii prudent \u00een declara\u021bii, deoarece unele cuvinte pot genera efecte care implic\u0103 costuri\u201d.<\/p>\n<p>Mar\u021bi, ministrul Energiei, Bogdan Ivan, a recunoscut c\u0103 pre\u021bul la pomp\u0103 al carburan\u021bilor ar putea dep\u0103\u0219i 10 lei, un nivel care nu a fost atins nici \u00een timpul crizei pre\u021burilor din energie din 2022, din cauza escalad\u0103rii tensiunilor din Orientul Mijlociu. Aceast\u0103 afirma\u021bie a fost f\u0103cut\u0103 dup\u0103 o actualizare a informa\u021biilor \u0219i declara\u021biilor anterioare.<\/p>\n","protected":false},"excerpt":{"rendered":"<p>\u00cen cadrul unei apari\u021bii la B1 TV, premierul Ilie Bolojan a fost \u00eentrebat despre posibila cre\u0219tere a pre\u021bului combustibililor, \u00een contextul recentelor evenimente din Orientul Mijlociu \u0219i bloc\u0103rii tranzitului prin str\u00e2mtoarea Ormuz. \u201eNu pot prezice un astfel de lucru, dar nu-mi doresc ca acest scenariu s\u0103 devin\u0103 realitate. Totu\u0219i, trebuie s\u0103 recunoa\u0219tem ni\u0219te fapte. R\u0103zboiul [&hellip;]<\/p>\n","protected":false},"author":2,"featured_media":6594,"comment_status":"open","ping_status":"open","sticky":false,"template":"","format":"standard","meta":{"jnews-multi-image_gallery":[],"jnews_single_post":[],"jnews_primary_category":[],"jnews_override_counter":[],"footnotes":""},"categories":[42],"tags":[7473,302,9510,2394,1046,8966,9509,8772],"class_list":["post-6593","post","type-post","status-publish","format-standard","has-post-thumbnail","hentry","category-politica","tag-criza-energetica","tag-ilie-bolojan","tag-oferta-globala","tag-piete-internationale","tag-premier","tag-pret-combustibili","tag-razboi-golfului","tag-stramtoarea-ormuz"],"_links":{"self":[{"href":"https:\/\/www.newsrecorder.ro\/app\/wp-json\/wp\/v2\/posts\/6593","targetHints":{"allow":["GET"]}}],"collection":[{"href":"https:\/\/www.newsrecorder.ro\/app\/wp-json\/wp\/v2\/posts"}],"about":[{"href":"https:\/\/www.newsrecorder.ro\/app\/wp-json\/wp\/v2\/types\/post"}],"author":[{"embeddable":true,"href":"https:\/\/www.newsrecorder.ro\/app\/wp-json\/wp\/v2\/users\/2"}],"replies":[{"embeddable":true,"href":"https:\/\/www.newsrecorder.ro\/app\/wp-json\/wp\/v2\/comments?post=6593"}],"version-history":[{"count":0,"href":"https:\/\/www.newsrecorder.ro\/app\/wp-json\/wp\/v2\/posts\/6593\/revisions"}],"wp:featuredmedia":[{"embeddable":true,"href":"https:\/\/www.newsrecorder.ro\/app\/wp-json\/wp\/v2\/media\/6594"}],"wp:attachment":[{"href":"https:\/\/www.newsrecorder.ro\/app\/wp-json\/wp\/v2\/media?parent=6593"}],"wp:term":[{"taxonomy":"category","embeddable":true,"href":"https:\/\/www.newsrecorder.ro\/app\/wp-json\/wp\/v2\/categories?post=6593"},{"taxonomy":"post_tag","embeddable":true,"href":"https:\/\/www.newsrecorder.ro\/app\/wp-json\/wp\/v2\/tags?post=6593"}],"curies":[{"name":"wp","href":"https:\/\/api.w.org\/{rel}","templated":true}]}}