{"id":6603,"date":"2026-03-05T02:39:52","date_gmt":"2026-03-05T02:39:52","guid":{"rendered":"https:\/\/www.newsrecorder.ro\/app\/2026\/03\/05\/tensiuni-in-qatar-locuitorii-mutati-temporar-langa-ambasada-sua\/"},"modified":"2026-03-05T02:39:52","modified_gmt":"2026-03-05T02:39:52","slug":"tensiuni-in-qatar-locuitorii-mutati-temporar-langa-ambasada-sua","status":"publish","type":"post","link":"https:\/\/www.newsrecorder.ro\/app\/2026\/03\/05\/tensiuni-in-qatar-locuitorii-mutati-temporar-langa-ambasada-sua\/","title":{"rendered":"Tensiuni \u00een Qatar: Locuitorii muta\u021bi temporar l\u00e2ng\u0103 ambasada SUA"},"content":{"rendered":"<p>Autorit\u0103\u021bile din Qatar au luat decizia de a evacua locuitorii din apropierea ambasadei Statelor Unite din Doha, conform rapoartelor publicate de The Guardian \u0219i CNN.<\/p>\n<p>Aceast\u0103 m\u0103sur\u0103, care este temporar\u0103, a fost implementat\u0103 ca r\u0103spuns la tensiunile din regiunea Golfului, \u00een contextul conflictului \u00een care sunt implicate Iranul, Statele Unite \u0219i Israel.<\/p>\n<p>Informa\u021biile au fost comunicate joi diminea\u021b\u0103 de c\u0103tre Ministerul de Interne din Qatar. Institu\u021bia a subliniat c\u0103 relocarea reziden\u021bilor din zon\u0103 este o m\u0103sur\u0103 de siguran\u021b\u0103 menit\u0103 s\u0103 minimizeze riscurile asupra popula\u021biei civile din apropierea reprezentan\u021bei diplomatice americane.<\/p>\n<p>Autorit\u0103\u021bile au asigurat c\u0103 persoanele afectate au primit alternative de cazare \u00een alte zone. \u201eLi s-au oferit locuin\u021be adecvate ca parte a m\u0103surilor preventive necesare\u201d, a declarat ministerul din Qatar \u00eentr-un comunicat citat de Reuters.<\/p>\n<p>Decizia de evacuare a fost anun\u021bat\u0103 dup\u0103 ce prim-ministrul Qatarului, Mohammed bin Abdulrahman al Thani, a afirmat miercuri c\u0103 Doha \u201ea respins categoric\u201d acuza\u021biile conform c\u0103rora atacurile Iranului asupra regiunii ar viza interesele SUA \u0219i nu pe cele ale Qatarului, conform informa\u021biilor furnizate de <a href=\"https:\/\/news.sky.com\/story\/iran-latest-trump-tehran-israel-strikes-us-drone-live-sky-news-13509565\">Sky News<\/a>.<\/p>\n<p>Prim-ministrul a cerut Iranului s\u0103 opreasc\u0103 imediat atacurile \u0219i a subliniat c\u0103 Qatarul va reac\u021biona la orice form\u0103 de agresiune, invoc\u00e2nd \u201edreptul s\u0103u la autoap\u0103rare\u201d.<\/p>\n<p>\u00centr-o declara\u021bie anterioar\u0103, pre\u0219edintele Iranului, Masoud Pezeshkian, s-a adresat \u201eliderilor respecta\u021bi ai \u021b\u0103rilor noastre prietene \u0219i vecine\u201d, afirm\u00e2nd c\u0103 \u201erespect\u0103m suveranitatea voastr\u0103\u201d.<\/p>\n<p>Iranul a desf\u0103\u0219urat mai multe ac\u021biuni militare ca r\u0103spuns la campania de atacuri aeriene efectuate de Statele Unite \u0219i Israel asupra unor obiective iraniene.<\/p>\n<p>Conform informa\u021biilor disponibile, opera\u021biunile iraniene au vizat baze militare americane din regiune, reprezentan\u021be diplomatice \u0219i anumite elemente de infrastructur\u0103 civil\u0103. Aceste atacuri sunt parte a unei serii de represalii pe care Teheranul le consider\u0103 necesare \u00een raport cu ofensiva aerian\u0103.<\/p>\n<p>De la \u00eenceputul conflictului, violen\u021bele au dus la pierderi de vie\u021bi \u00een mai multe state din jurul Golfului Persic. Bilan\u021bul actual indic\u0103 treisprezece mor\u021bi, dintre care \u0219apte sunt civili.<\/p>\n","protected":false},"excerpt":{"rendered":"<p>Autorit\u0103\u021bile din Qatar au luat decizia de a evacua locuitorii din apropierea ambasadei Statelor Unite din Doha, conform rapoartelor publicate de The Guardian \u0219i CNN. Aceast\u0103 m\u0103sur\u0103, care este temporar\u0103, a fost implementat\u0103 ca r\u0103spuns la tensiunile din regiunea Golfului, \u00een contextul conflictului \u00een care sunt implicate Iranul, Statele Unite \u0219i Israel. Informa\u021biile au fost [&hellip;]<\/p>\n","protected":false},"author":2,"featured_media":6604,"comment_status":"open","ping_status":"open","sticky":false,"template":"","format":"standard","meta":{"jnews-multi-image_gallery":[],"jnews_single_post":[],"jnews_primary_category":[],"jnews_override_counter":[],"footnotes":""},"categories":[41],"tags":[4404,684,5363,2179,4131,8626,1118,680],"class_list":["post-6603","post","type-post","status-publish","format-standard","has-post-thumbnail","hentry","category-externe","tag-ambasada","tag-conflict","tag-doha","tag-evacuare","tag-populatie","tag-qatar","tag-siguranta","tag-statele-unite"],"_links":{"self":[{"href":"https:\/\/www.newsrecorder.ro\/app\/wp-json\/wp\/v2\/posts\/6603","targetHints":{"allow":["GET"]}}],"collection":[{"href":"https:\/\/www.newsrecorder.ro\/app\/wp-json\/wp\/v2\/posts"}],"about":[{"href":"https:\/\/www.newsrecorder.ro\/app\/wp-json\/wp\/v2\/types\/post"}],"author":[{"embeddable":true,"href":"https:\/\/www.newsrecorder.ro\/app\/wp-json\/wp\/v2\/users\/2"}],"replies":[{"embeddable":true,"href":"https:\/\/www.newsrecorder.ro\/app\/wp-json\/wp\/v2\/comments?post=6603"}],"version-history":[{"count":0,"href":"https:\/\/www.newsrecorder.ro\/app\/wp-json\/wp\/v2\/posts\/6603\/revisions"}],"wp:featuredmedia":[{"embeddable":true,"href":"https:\/\/www.newsrecorder.ro\/app\/wp-json\/wp\/v2\/media\/6604"}],"wp:attachment":[{"href":"https:\/\/www.newsrecorder.ro\/app\/wp-json\/wp\/v2\/media?parent=6603"}],"wp:term":[{"taxonomy":"category","embeddable":true,"href":"https:\/\/www.newsrecorder.ro\/app\/wp-json\/wp\/v2\/categories?post=6603"},{"taxonomy":"post_tag","embeddable":true,"href":"https:\/\/www.newsrecorder.ro\/app\/wp-json\/wp\/v2\/tags?post=6603"}],"curies":[{"name":"wp","href":"https:\/\/api.w.org\/{rel}","templated":true}]}}