{"id":6609,"date":"2026-03-05T03:06:25","date_gmt":"2026-03-05T03:06:25","guid":{"rendered":"https:\/\/www.newsrecorder.ro\/app\/2026\/03\/05\/rachete-de-croaziera-interceptate-in-apropierea-orasului-al-kharj\/"},"modified":"2026-03-05T03:06:25","modified_gmt":"2026-03-05T03:06:25","slug":"rachete-de-croaziera-interceptate-in-apropierea-orasului-al-kharj","status":"publish","type":"post","link":"https:\/\/www.newsrecorder.ro\/app\/2026\/03\/05\/rachete-de-croaziera-interceptate-in-apropierea-orasului-al-kharj\/","title":{"rendered":"Rachete de croazier\u0103 interceptate \u00een apropierea ora\u0219ului Al-Kharj!"},"content":{"rendered":"<p>Autorit\u0103\u021bile saudiote au confirmat joi c\u0103 sistemele de ap\u0103rare ale regatului au interceptat \u0219i distrus trei rachete de croazier\u0103 \u00een apropierea ora\u0219ului Al-Kharj, situat \u00een centrul Arabiei Saudite, conform unui raport de la <a href=\"https:\/\/www.bbc.com\/news\/live\/c62gg44d53xt\">BBC News<\/a>.<\/p>\n<p>Acest incident a avut loc \u00een contextul intensific\u0103rii conflictului din Orientul Mijlociu, care continu\u0103 s\u0103 genereze tensiuni \u00een \u00eentreaga regiune, afl\u00e2ndu-se deja \u00een a \u0219asea zi de escaladare.<\/p>\n<p>Ministerul Ap\u0103r\u0103rii din Arabia Saudit\u0103 a comunicat detalii despre aceast\u0103 ac\u021biune printr-un mesaj postat pe platforma X, subliniind c\u0103 for\u021bele militare au reac\u021bionat prompt, neutraliz\u00e2nd rachetele \u00eenainte ca acestea s\u0103 ating\u0103 \u021bintele vizate.<\/p>\n<p>\u201eTrei rachete de croazier\u0103 au fost interceptate \u0219i distruse \u00een afara ora\u0219ului Al-Kharj\u201d, a declarat Ministerul Ap\u0103r\u0103rii pe X, eviden\u021biind eficien\u021ba sistemelor de ap\u0103rare ale \u021b\u0103rii.<\/p>\n<p>\u00cen acela\u0219i timp, situa\u021bia de securitate din regiune continu\u0103 s\u0103 fie un subiect de discu\u021bie important \u00eentre liderii interna\u021bionali. Recent, secretarul de stat al Statelor Unite, Marco Rubio, a purtat o convorbire telefonic\u0103 cu ministrul de externe al Arabiei Saudite, prin\u021bul Faisal bin Farhan Al Saud. Aceast\u0103 discu\u021bie a abordat at\u00e2t atacurile recente, c\u00e2t \u0219i evolu\u021biile generale din Orientul Mijlociu.<\/p>\n<p>Potrivit purt\u0103torului de cuv\u00e2nt al Departamentului de Stat, Tommy Pigott, oficialul american \u0219i-a exprimat recuno\u0219tin\u021ba fa\u021b\u0103 de reac\u021bia rapid\u0103 a autorit\u0103\u021bilor saudite dup\u0103 atacul care a vizat ambasada Statelor Unite din capitala Riad.<\/p>\n<p>\u201eSecretarul a mul\u021bumit Arabiei Saudite pentru r\u0103spunsul s\u0103u ferm la atacul asupra ambasadei SUA din Riad\u201d, a declarat Pigott, subliniind importan\u021ba colabor\u0103rii \u00een fa\u021ba amenin\u021b\u0103rilor comune.<\/p>\n<p>De asemenea, atacul asupra cl\u0103dirii ambasadei americane a fost condamnat anterior de Ministerul Afacerilor Externe al Arabiei Saudite, care a criticat ac\u021biunile atribuite Iranului, eviden\u021biind tensiunile geopolitice din zon\u0103.<\/p>\n<p>\u00cen cadrul discu\u021biei telefonice, cei doi oficiali au analizat \u00een detaliu situa\u021bia de securitate din regiune, precum \u0219i riscurile generate de escaladarea tensiunilor care cresc de la o zi la alta.<\/p>\n","protected":false},"excerpt":{"rendered":"<p>Autorit\u0103\u021bile saudiote au confirmat joi c\u0103 sistemele de ap\u0103rare ale regatului au interceptat \u0219i distrus trei rachete de croazier\u0103 \u00een apropierea ora\u0219ului Al-Kharj, situat \u00een centrul Arabiei Saudite, conform unui raport de la BBC News. Acest incident a avut loc \u00een contextul intensific\u0103rii conflictului din Orientul Mijlociu, care continu\u0103 s\u0103 genereze tensiuni \u00een \u00eentreaga regiune, [&hellip;]<\/p>\n","protected":false},"author":2,"featured_media":6610,"comment_status":"open","ping_status":"open","sticky":false,"template":"","format":"standard","meta":{"jnews-multi-image_gallery":[],"jnews_single_post":[],"jnews_primary_category":[],"jnews_override_counter":[],"footnotes":""},"categories":[41],"tags":[9517,409,2839,9129,472,8063,874,1357],"class_list":["post-6609","post","type-post","status-publish","format-standard","has-post-thumbnail","hentry","category-externe","tag-al-kharj","tag-aparare","tag-arabia-saudita","tag-conflict-orientul-mijlociu","tag-ministerul-apararii","tag-rachete-de-croaziera","tag-securitate","tag-tensiuni"],"_links":{"self":[{"href":"https:\/\/www.newsrecorder.ro\/app\/wp-json\/wp\/v2\/posts\/6609","targetHints":{"allow":["GET"]}}],"collection":[{"href":"https:\/\/www.newsrecorder.ro\/app\/wp-json\/wp\/v2\/posts"}],"about":[{"href":"https:\/\/www.newsrecorder.ro\/app\/wp-json\/wp\/v2\/types\/post"}],"author":[{"embeddable":true,"href":"https:\/\/www.newsrecorder.ro\/app\/wp-json\/wp\/v2\/users\/2"}],"replies":[{"embeddable":true,"href":"https:\/\/www.newsrecorder.ro\/app\/wp-json\/wp\/v2\/comments?post=6609"}],"version-history":[{"count":0,"href":"https:\/\/www.newsrecorder.ro\/app\/wp-json\/wp\/v2\/posts\/6609\/revisions"}],"wp:featuredmedia":[{"embeddable":true,"href":"https:\/\/www.newsrecorder.ro\/app\/wp-json\/wp\/v2\/media\/6610"}],"wp:attachment":[{"href":"https:\/\/www.newsrecorder.ro\/app\/wp-json\/wp\/v2\/media?parent=6609"}],"wp:term":[{"taxonomy":"category","embeddable":true,"href":"https:\/\/www.newsrecorder.ro\/app\/wp-json\/wp\/v2\/categories?post=6609"},{"taxonomy":"post_tag","embeddable":true,"href":"https:\/\/www.newsrecorder.ro\/app\/wp-json\/wp\/v2\/tags?post=6609"}],"curies":[{"name":"wp","href":"https:\/\/api.w.org\/{rel}","templated":true}]}}