{"id":6617,"date":"2026-03-05T03:07:57","date_gmt":"2026-03-05T03:07:57","guid":{"rendered":"https:\/\/www.newsrecorder.ro\/app\/2026\/03\/05\/trump-evalueaza-atacurile-din-iran-le-dau-nota-15-din-10\/"},"modified":"2026-03-05T03:07:57","modified_gmt":"2026-03-05T03:07:57","slug":"trump-evalueaza-atacurile-din-iran-le-dau-nota-15-din-10","status":"publish","type":"post","link":"https:\/\/www.newsrecorder.ro\/app\/2026\/03\/05\/trump-evalueaza-atacurile-din-iran-le-dau-nota-15-din-10\/","title":{"rendered":"Trump evalueaz\u0103 atacurile din Iran: \u201eLe dau nota 15 din 10!\u201d"},"content":{"rendered":"<p>Pre\u0219edintele Statelor Unite, Donald Trump, a caracterizat miercuri conflictul cu Iranul ca fiind un succes \u00eenc\u0103 din primele zile ale confrunt\u0103rii. \u00cen cadrul unei declara\u021bii la Casa Alb\u0103, care nu era dedicat\u0103 \u00een mod special situa\u021biei militare, liderul american a subliniat c\u0103 opera\u021biunile se desf\u0103\u0219oar\u0103 la un nivel mai ridicat dec\u00e2t se a\u0219tepta.<\/p>\n<p>\u201eNe descurc\u0103m foarte bine pe frontul r\u0103zboiului, dac\u0103 putem s\u0103 spunem a\u0219a. Cineva a \u00eentrebat pe o scar\u0103 de la 1 la 10, unde l-a\u021bi nota? Eu am spus cam 15\u201d, a declarat Trump \u00een timpul unui eveniment care nu era direct legat de chestiunile militare, conform celor raportate de CNN.<\/p>\n<p>Aceste afirma\u021bii au fost f\u0103cute \u00een contextul unor prezent\u0103ri oferite de al\u021bi membri ai administra\u021biei, care au \u00eemp\u0103rt\u0103\u0219it perspective optimiste cu privire la desf\u0103\u0219urarea ac\u021biunilor militare.<\/p>\n<p>Conform pre\u0219edintelui, infrastructura militar\u0103 a Iranului sufer\u0103 pierderi semnificative. \u201eRachetele Iranului sunt eliminate rapid, iar lansatoarele lor sunt distruse\u201d, a ad\u0103ugat Trump.<\/p>\n<p>De asemenea, acesta a men\u021bionat c\u0103 Iranul a efectuat atacuri asupra unor state din regiune, \u00eens\u0103 nu a subliniat impactul acestor ac\u021biuni. \u00cen schimb, a sugerat c\u0103 regimul de la Teheran constituie o surs\u0103 constant\u0103 de instabilitate.<\/p>\n<p>\u201e\u00ce\u0219i atac\u0103 vecinii. \u00ce\u0219i atac\u0103, \u00een unele cazuri, alia\u021bii sau, nu cu mult timp \u00een urm\u0103, au fost alia\u021bi. Este, \u00eentr-adev\u0103r, o na\u021biune care a sc\u0103pat de sub control\u201d, a afirmat Trump.<\/p>\n<p>Pre\u0219edintele american a abordat \u0219i viitorul conducerii iraniene, av\u00e2nd \u00een vedere eliminarea recent\u0103 a mai multor oficiali de rang \u00eenalt. El a l\u0103sat s\u0103 se \u00een\u021beleag\u0103 c\u0103 schimb\u0103rile la v\u00e2rful puterii sunt destul de rapide.<\/p>\n<p>\u201eConducerea lor dispare rapid. To\u021bi cei care par s\u0103 vrea s\u0103 fie lideri ajung s\u0103 moar\u0103\u201d, a meditat el.<\/p>\n","protected":false},"excerpt":{"rendered":"<p>Pre\u0219edintele Statelor Unite, Donald Trump, a caracterizat miercuri conflictul cu Iranul ca fiind un succes \u00eenc\u0103 din primele zile ale confrunt\u0103rii. \u00cen cadrul unei declara\u021bii la Casa Alb\u0103, care nu era dedicat\u0103 \u00een mod special situa\u021biei militare, liderul american a subliniat c\u0103 opera\u021biunile se desf\u0103\u0219oar\u0103 la un nivel mai ridicat dec\u00e2t se a\u0219tepta. \u201eNe descurc\u0103m [&hellip;]<\/p>\n","protected":false},"author":2,"featured_media":6618,"comment_status":"open","ping_status":"open","sticky":false,"template":"","format":"standard","meta":{"jnews-multi-image_gallery":[],"jnews_single_post":[],"jnews_primary_category":[],"jnews_override_counter":[],"footnotes":""},"categories":[41],"tags":[2848,684,8478,913,8598,6386,915,1735],"class_list":["post-6617","post","type-post","status-publish","format-standard","has-post-thumbnail","hentry","category-externe","tag-casa-alba","tag-conflict","tag-infrastructura-militara","tag-iran","tag-operatiuni-militare","tag-pierderi","tag-razboi","tag-trump"],"_links":{"self":[{"href":"https:\/\/www.newsrecorder.ro\/app\/wp-json\/wp\/v2\/posts\/6617","targetHints":{"allow":["GET"]}}],"collection":[{"href":"https:\/\/www.newsrecorder.ro\/app\/wp-json\/wp\/v2\/posts"}],"about":[{"href":"https:\/\/www.newsrecorder.ro\/app\/wp-json\/wp\/v2\/types\/post"}],"author":[{"embeddable":true,"href":"https:\/\/www.newsrecorder.ro\/app\/wp-json\/wp\/v2\/users\/2"}],"replies":[{"embeddable":true,"href":"https:\/\/www.newsrecorder.ro\/app\/wp-json\/wp\/v2\/comments?post=6617"}],"version-history":[{"count":0,"href":"https:\/\/www.newsrecorder.ro\/app\/wp-json\/wp\/v2\/posts\/6617\/revisions"}],"wp:featuredmedia":[{"embeddable":true,"href":"https:\/\/www.newsrecorder.ro\/app\/wp-json\/wp\/v2\/media\/6618"}],"wp:attachment":[{"href":"https:\/\/www.newsrecorder.ro\/app\/wp-json\/wp\/v2\/media?parent=6617"}],"wp:term":[{"taxonomy":"category","embeddable":true,"href":"https:\/\/www.newsrecorder.ro\/app\/wp-json\/wp\/v2\/categories?post=6617"},{"taxonomy":"post_tag","embeddable":true,"href":"https:\/\/www.newsrecorder.ro\/app\/wp-json\/wp\/v2\/tags?post=6617"}],"curies":[{"name":"wp","href":"https:\/\/api.w.org\/{rel}","templated":true}]}}