{"id":6619,"date":"2026-03-05T04:36:13","date_gmt":"2026-03-05T04:36:13","guid":{"rendered":"https:\/\/www.newsrecorder.ro\/app\/2026\/03\/05\/guvernul-pregateste-o-ordonanta-pentru-a-mentine-pretul-gazelor-stabil\/"},"modified":"2026-03-05T04:36:13","modified_gmt":"2026-03-05T04:36:13","slug":"guvernul-pregateste-o-ordonanta-pentru-a-mentine-pretul-gazelor-stabil","status":"publish","type":"post","link":"https:\/\/www.newsrecorder.ro\/app\/2026\/03\/05\/guvernul-pregateste-o-ordonanta-pentru-a-mentine-pretul-gazelor-stabil\/","title":{"rendered":"Guvernul preg\u0103te\u0219te o ordonan\u021b\u0103 pentru a men\u021bine pre\u021bul gazelor stabil!"},"content":{"rendered":"<p>Premierul Ilie Bolojan a declarat recent c\u0103 sper\u0103 ca \u00een cadrul \u0219edin\u021bei de joi s\u0103 fie adoptat un proiect de ordonan\u021b\u0103 de urgen\u021b\u0103 ce va introduce pre\u021buri reglementate la gaze naturale pe \u00eentreg lan\u021bul de furnizare. Scopul acestei m\u0103suri este de a asigura c\u0103 pre\u021bul gazului nu va cre\u0219te \u00een perioada urm\u0103toare, cel pu\u021bin pe acest segment.<\/p>\n<p>\u201eReferitor la gaz, ne afl\u0103m \u00eentr-o situa\u021bie favorabil\u0103, deoarece <a href=\"https:\/\/www.mediafax.ro\/economic\/sunt-afectate-de-razboiul-din-iran-importurile-in-romania-si-tranzitul-gazelor-din-sud-spre-ucraina-moldova-si-europa-centrala-raspunsul-sefului-transgaz-23696730\">Rom\u00e2nia \u00ee\u0219i asigur\u0103 o propor\u021bie semnificativ\u0103 a necesarului de gaz<\/a>. Sper ca m\u00e2ine s\u0103 adopt\u0103m un act normativ care s\u0103 garanteze men\u021binerea pre\u021burilor la gaze \u00een perioada urm\u0103toare, protej\u00e2nd astfel cet\u0103\u021benii, m\u0103car pe acest segment\u201d, a afirmat premierul Ilie Bolojan, \u00een cadrul unei emisiuni difuzate pe B1 TV.<\/p>\n<p>Proiectul de ordonan\u021b\u0103 vizeaz\u0103 m\u0103surile aplicabile clien\u021bilor finali casnici din pia\u021ba de gaze naturale pentru perioada 1 aprilie 2026 \u2013 31 martie 2027 \u0219i a fost publicat de Ministerul Energiei \u00een transparen\u021b\u0103 decizional\u0103 pe 17 februarie.<\/p>\n<p>\u201eEste esen\u021bial s\u0103 recunoa\u0219tem c\u0103 pre\u021burile la electricitate, <a href=\"https:\/\/www.mediafax.ro\/economic\/ce-spune-sefa-omv-petrom-despre-pretul-reglementat-la-gaze-din-proiectul-de-oug-privind-masurile-dupa-expirarea-plafonarii-23691711\">gaz<\/a> \u0219i combustibil sunt factori de baz\u0103 care influen\u021beaz\u0103 semnificativ infla\u021bia. Orice cre\u0219tere a acestor tarife, utilizate pe scar\u0103 larg\u0103 de cet\u0103\u021beni \u0219i de economie, contribuie la infla\u021bie. De aceea, am propus aceast\u0103 m\u0103sur\u0103 de plafonare a pre\u021burilor la gaz, care nu doar c\u0103 va preveni cre\u0219teri bru\u0219te, dar va \u0219i oferi o perioad\u0103 de tranzi\u021bie pentru a evita un nou puseu infla\u021bionist. Odat\u0103 cu intrarea \u00een exploatare a resurselor suplimentare din Marea Neagr\u0103, Rom\u00e2nia va deveni complet independent\u0103 \u00een ceea ce prive\u0219te gazul, reduc\u00e2ndu-\u0219i dependen\u021ba de pie\u021bele globale. Este important s\u0103 men\u021bion\u0103m c\u0103 toate contractele de export se raporteaz\u0103 la pre\u021burile de pe bursele europene, ceea ce ne afecteaz\u0103 indirect\u201d, a detaliat premierul.<\/p>\n<p><strong>Ce prevede proiectul<\/strong><\/p>\n<p>Proiectul de act normativ are ca obiectiv <a href=\"https:\/\/www.mediafax.ro\/economic\/care-este-noua-schema-de-ajutor-la-gaze-pentru-clientii-casnici-ministerul-energiei-propune-trecerea-treptata-la-o-piata-liberalizata-23688451\">continuarea protec\u021biei consumatorilor casnici de gaze naturale<\/a> pentru perioada 1 aprilie 2026 \u2013 31 martie 2027. De asemenea, se preconizeaz\u0103 o tranzi\u021bie treptat\u0103 c\u0103tre o pia\u021b\u0103 liberalizat\u0103 de gaze naturale, asigur\u00e2nd totodat\u0103 o preg\u0103tire solid\u0103 pentru m\u0103surile de sprijin dedicate consumatorilor afecta\u021bi de s\u0103r\u0103cia energetic\u0103.<\/p>\n<p>Astfel, <a href=\"https:\/\/www.mediafax.ro\/economic\/razvan-popescu-ceo-romgaz-cred-ca-vom-fi-pregatiti-tehnic-ca-odata-cu-iesirea-din-plafonare-la-1-aprilie-sa-putem-sa-fim-in-piata-furnizarii-gazelor-23691660\">pre\u021bul propus pentru produc\u0103tori este de 110 lei\/MWh<\/a>, comparativ cu 120 lei\/MWh, c\u00e2t este pre\u021bul reglementat \u00een prezent. Conform schemei actuale, p\u00e2n\u0103 la 31 martie, popula\u021bia beneficiaz\u0103 de un plafon de 0,31 lei\/kWh, iar firmele cu un consum de p\u00e2n\u0103 la 50.000 MWh pe an au un plafon de 0,37 lei\/kWh. \u00cen acela\u0219i timp, centralele electrice de termoficare (CET) au un pre\u021b reglementat de 120 lei\/MWh dac\u0103 achizi\u021bioneaz\u0103 de la produc\u0103torii interni, respectiv 370 lei\/MWh, dac\u0103 cump\u0103r\u0103 de la furnizori externi.<\/p>\n<p>Este important de men\u021bionat c\u0103, conform declara\u021biilor unui oficial din Executivul comunitar, <a style=\"color: #0000ff\" href=\"https:\/\/www.mediafax.ro\/economic\/exclusiv-oficial-de-la-bruxelles-romania-a-anuntat-informal-comisia-ca-vrea-sa-introduca-un-nou-mecanism-de-stabilire-a-pretului-la-gaze-dupa-expirarea-plafonarii-ce-spune-directiva-ue-23689725\">Rom\u00e2nia a notificat informal Comisia European\u0103<\/a> cu privire la acest proiect de ordonan\u021b\u0103, dar este necesar s\u0103 se fac\u0103 o notificare oficial\u0103 conform obliga\u021biilor stabilite \u00een Directiva privind gazele naturale.<\/p>\n","protected":false},"excerpt":{"rendered":"<p>Premierul Ilie Bolojan a declarat recent c\u0103 sper\u0103 ca \u00een cadrul \u0219edin\u021bei de joi s\u0103 fie adoptat un proiect de ordonan\u021b\u0103 de urgen\u021b\u0103 ce va introduce pre\u021buri reglementate la gaze naturale pe \u00eentreg lan\u021bul de furnizare. Scopul acestei m\u0103suri este de a asigura c\u0103 pre\u021bul gazului nu va cre\u0219te \u00een perioada urm\u0103toare, cel pu\u021bin pe [&hellip;]<\/p>\n","protected":false},"author":4,"featured_media":6620,"comment_status":"open","ping_status":"open","sticky":false,"template":"","format":"standard","meta":{"jnews-multi-image_gallery":[],"jnews_single_post":[],"jnews_primary_category":[],"jnews_override_counter":[],"footnotes":""},"categories":[40],"tags":[7762,528,302,537,1704,9522,9520,9521],"class_list":["post-6619","post","type-post","status-publish","format-standard","has-post-thumbnail","hentry","category-econonie","tag-act-normativ","tag-gaze-naturale","tag-ilie-bolojan","tag-ministerul-energiei","tag-ordonanta-de-urgenta","tag-piata-de-gaze","tag-preturi-reglementate","tag-protectie-cetateni"],"_links":{"self":[{"href":"https:\/\/www.newsrecorder.ro\/app\/wp-json\/wp\/v2\/posts\/6619","targetHints":{"allow":["GET"]}}],"collection":[{"href":"https:\/\/www.newsrecorder.ro\/app\/wp-json\/wp\/v2\/posts"}],"about":[{"href":"https:\/\/www.newsrecorder.ro\/app\/wp-json\/wp\/v2\/types\/post"}],"author":[{"embeddable":true,"href":"https:\/\/www.newsrecorder.ro\/app\/wp-json\/wp\/v2\/users\/4"}],"replies":[{"embeddable":true,"href":"https:\/\/www.newsrecorder.ro\/app\/wp-json\/wp\/v2\/comments?post=6619"}],"version-history":[{"count":0,"href":"https:\/\/www.newsrecorder.ro\/app\/wp-json\/wp\/v2\/posts\/6619\/revisions"}],"wp:featuredmedia":[{"embeddable":true,"href":"https:\/\/www.newsrecorder.ro\/app\/wp-json\/wp\/v2\/media\/6620"}],"wp:attachment":[{"href":"https:\/\/www.newsrecorder.ro\/app\/wp-json\/wp\/v2\/media?parent=6619"}],"wp:term":[{"taxonomy":"category","embeddable":true,"href":"https:\/\/www.newsrecorder.ro\/app\/wp-json\/wp\/v2\/categories?post=6619"},{"taxonomy":"post_tag","embeddable":true,"href":"https:\/\/www.newsrecorder.ro\/app\/wp-json\/wp\/v2\/tags?post=6619"}],"curies":[{"name":"wp","href":"https:\/\/api.w.org\/{rel}","templated":true}]}}