{"id":6629,"date":"2026-03-05T05:07:25","date_gmt":"2026-03-05T05:07:25","guid":{"rendered":"https:\/\/www.newsrecorder.ro\/app\/2026\/03\/05\/israel-intensifica-atacurile-in-liban-hezbollah-promite-o-reactie-ferma\/"},"modified":"2026-03-05T05:07:25","modified_gmt":"2026-03-05T05:07:25","slug":"israel-intensifica-atacurile-in-liban-hezbollah-promite-o-reactie-ferma","status":"publish","type":"post","link":"https:\/\/www.newsrecorder.ro\/app\/2026\/03\/05\/israel-intensifica-atacurile-in-liban-hezbollah-promite-o-reactie-ferma\/","title":{"rendered":"Israel intensific\u0103 atacurile \u00een Liban, Hezbollah promite o reac\u021bie ferm\u0103!"},"content":{"rendered":"<p>Conflictul dintre Israel \u0219i gruparea Hezbollah a intrat joi \u00een a patra zi, marc\u00e2nd o escaladare semnificativ\u0103 a tensiunilor. For\u021bele israeliene au avansat \u00een mai multe ora\u0219e de frontier\u0103 \u0219i au efectuat atacuri aeriene asupra grupului sus\u021binut de Iran.<\/p>\n<p>Imagini difuzate de AFPTV surprind fum ridic\u00e2ndu-se din urma unui atac \u00eendreptat \u00eempotriva unui bastion Hezbollah din sudul Beirutului, \u00een diminea\u021ba zilei de joi, conform <a href=\"https:\/\/www.theguardian.com\/world\/live\/2026\/mar\/04\/iran-war-live-updates-us-israel-latest-news-strait-of-hormuz-middle-east-crisis#top-of-blog\">The Guardian<\/a>.<\/p>\n<p>\u00cen prealabil, armata israelian\u0103 a avertizat locuitorii din suburbia vizat\u0103 s\u0103 p\u0103r\u0103seasc\u0103 zona, subliniind c\u0103 \u021binta ac\u021biunilor lor este legat\u0103 de Hezbollah.<\/p>\n<p>\u00cen nordul Israelului, alertele repetate de raid aerian au determinat locuitorii din mai multe localit\u0103\u021bi s\u0103 se refugieze \u00een ad\u0103posturi, f\u0103r\u0103 a fi raportate imediat victime sau pagube materiale.<\/p>\n<p>Liderul Hezbollah, Naim Qassem, a declarat miercuri c\u0103 gruparea va continua lupta \u00eempotriva Israelului \u0219i va intensifica atacurile. \u201eNe confrunt\u0103m cu agresiunea\u2026 alegerea noastr\u0103 este s\u0103 o confrunt\u0103m p\u00e2n\u0103 la sacrificiul suprem \u0219i nu ne vom preda. Pentru noi, aceasta este o ap\u0103rare existen\u021bial\u0103\u201d, a afirmat el \u00een primul s\u0103u discurs de la \u00eenceputul conflictului.<\/p>\n<p>Aten\u021bia r\u0103m\u00e2ne concentrat\u0103 asupra escalad\u0103rii violen\u021belor \u00een sudul Libanului, precum \u0219i asupra posibilit\u0103\u021bii extinderii atacurilor c\u0103tre ora\u0219e israeliene mai \u00eendep\u0103rtate, inclusiv Tel Aviv. Hezbollah a raportat deja cel pu\u021bin 15 lovituri asupra pozi\u021biilor militare din aceast\u0103 zon\u0103.<\/p>\n","protected":false},"excerpt":{"rendered":"<p>Conflictul dintre Israel \u0219i gruparea Hezbollah a intrat joi \u00een a patra zi, marc\u00e2nd o escaladare semnificativ\u0103 a tensiunilor. For\u021bele israeliene au avansat \u00een mai multe ora\u0219e de frontier\u0103 \u0219i au efectuat atacuri aeriene asupra grupului sus\u021binut de Iran. Imagini difuzate de AFPTV surprind fum ridic\u00e2ndu-se din urma unui atac \u00eendreptat \u00eempotriva unui bastion Hezbollah [&hellip;]<\/p>\n","protected":false},"author":2,"featured_media":6630,"comment_status":"open","ping_status":"open","sticky":false,"template":"","format":"standard","meta":{"jnews-multi-image_gallery":[],"jnews_single_post":[],"jnews_primary_category":[],"jnews_override_counter":[],"footnotes":""},"categories":[39],"tags":[3608,9530,684,2185,913,268,9529,9528],"class_list":["post-6629","post","type-post","status-publish","format-standard","has-post-thumbnail","hentry","category-stirile-zilei","tag-atacuri-aeriene","tag-beirut","tag-conflict","tag-hezbollah","tag-iran","tag-israel","tag-naim-qassem","tag-tensioni"],"_links":{"self":[{"href":"https:\/\/www.newsrecorder.ro\/app\/wp-json\/wp\/v2\/posts\/6629","targetHints":{"allow":["GET"]}}],"collection":[{"href":"https:\/\/www.newsrecorder.ro\/app\/wp-json\/wp\/v2\/posts"}],"about":[{"href":"https:\/\/www.newsrecorder.ro\/app\/wp-json\/wp\/v2\/types\/post"}],"author":[{"embeddable":true,"href":"https:\/\/www.newsrecorder.ro\/app\/wp-json\/wp\/v2\/users\/2"}],"replies":[{"embeddable":true,"href":"https:\/\/www.newsrecorder.ro\/app\/wp-json\/wp\/v2\/comments?post=6629"}],"version-history":[{"count":0,"href":"https:\/\/www.newsrecorder.ro\/app\/wp-json\/wp\/v2\/posts\/6629\/revisions"}],"wp:featuredmedia":[{"embeddable":true,"href":"https:\/\/www.newsrecorder.ro\/app\/wp-json\/wp\/v2\/media\/6630"}],"wp:attachment":[{"href":"https:\/\/www.newsrecorder.ro\/app\/wp-json\/wp\/v2\/media?parent=6629"}],"wp:term":[{"taxonomy":"category","embeddable":true,"href":"https:\/\/www.newsrecorder.ro\/app\/wp-json\/wp\/v2\/categories?post=6629"},{"taxonomy":"post_tag","embeddable":true,"href":"https:\/\/www.newsrecorder.ro\/app\/wp-json\/wp\/v2\/tags?post=6629"}],"curies":[{"name":"wp","href":"https:\/\/api.w.org\/{rel}","templated":true}]}}