{"id":6649,"date":"2026-03-05T14:37:23","date_gmt":"2026-03-05T14:37:23","guid":{"rendered":"https:\/\/www.newsrecorder.ro\/app\/2026\/03\/05\/elevii-din-vrancea-blocati-in-dubai-zbor-de-salvare-din-oman\/"},"modified":"2026-03-05T14:37:23","modified_gmt":"2026-03-05T14:37:23","slug":"elevii-din-vrancea-blocati-in-dubai-zbor-de-salvare-din-oman","status":"publish","type":"post","link":"https:\/\/www.newsrecorder.ro\/app\/2026\/03\/05\/elevii-din-vrancea-blocati-in-dubai-zbor-de-salvare-din-oman\/","title":{"rendered":"Elevii din Vrancea bloca\u021bi \u00een Dubai: zbor de salvare din Oman!"},"content":{"rendered":"<p>Ministra de Externe, Oana \u021aoiu, a informat joi, \u00een cadrul unei conferin\u021be de pres\u0103, despre un zbor special din Oman, programat s\u0103 decoleze la ora 5 diminea\u021ba. Aceast\u0103 curs\u0103 are rolul de a repatria grupul de elevi din Vrancea, care a fost blocat \u00een Dubai din cauza escalad\u0103rii conflictului din regiune.<\/p>\n<p>\u201eAvem grupuri din Vrancea \u0219i Piatra Neam\u021b, iar cu privire la programul de zbor, cursa este planificat\u0103 s\u0103 decoleze la ora 5 diminea\u021ba\u201d, a declarat Oana \u021aoiu. Totu\u0219i, aceasta a subliniat c\u0103, similar cu zborurile anterioare, este posibil ca orarul s\u0103 sufere modific\u0103ri.<\/p>\n<p>\u201eReamintesc c\u0103 primele curse TAROM din Egipt au avut modific\u0103ri de orar. De aceast\u0103 dat\u0103, nu excludem posibilitatea unor schimb\u0103ri \u00een programul de zbor \u0219i calendar, deoarece aceste curse sunt noi \u0219i nu erau incluse \u00een programul anterior al aeroporturilor respective. Ne str\u0103duim s\u0103 ajust\u0103m situa\u021bia \u00een colaborare cu \u021b\u0103rile implicate. De\u0219i zborul este programat pentru ora 5 diminea\u021ba, ca \u0219i la cursele anterioare, pot ap\u0103rea ajust\u0103ri pe parcurs\u201d, a ad\u0103ugat Oana \u021aoiu.<\/p>\n<p>Grupul de elevi din Vrancea a fost blocat timp de mai multe zile \u00een Emiratele Arabe Unite din cauza conflictului din Iran. Ace\u0219tia vor c\u0103l\u0103tori cu autocarul c\u0103tre un aeroport din Oman, unde autorit\u0103\u021bile din Bucure\u0219ti au ob\u021binut permisiunea \u0219i un culoar special de zbor pentru a facilita repatrierea lor.<\/p>\n<p><a style=\"color: #0000ff\" href=\"https:\/\/www.mediafax.ro\/social\/isj-vrancea-ofera-detalii-despre-cei-28-de-elevi-blocati-in-dubai-un-demers-cultural-cu-acordul-parintilor-23695572\">Elevii<\/a> f\u0103ceau parte dintr-o excursie organizat\u0103 \u00een vacan\u021ba intersemestrial\u0103, desf\u0103\u0219urat\u0103 \u00een contextul unor activit\u0103\u021bi educa\u021bionale \u0219i culturale, organizat\u0103 de un centru Cambridge, care nu este parte a sistemului de \u00eenv\u0103\u021b\u0103m\u00e2nt de stat.<\/p>\n","protected":false},"excerpt":{"rendered":"<p>Ministra de Externe, Oana \u021aoiu, a informat joi, \u00een cadrul unei conferin\u021be de pres\u0103, despre un zbor special din Oman, programat s\u0103 decoleze la ora 5 diminea\u021ba. Aceast\u0103 curs\u0103 are rolul de a repatria grupul de elevi din Vrancea, care a fost blocat \u00een Dubai din cauza escalad\u0103rii conflictului din regiune. \u201eAvem grupuri din Vrancea [&hellip;]<\/p>\n","protected":false},"author":2,"featured_media":6650,"comment_status":"open","ping_status":"open","sticky":false,"template":"","format":"standard","meta":{"jnews-multi-image_gallery":[],"jnews_single_post":[],"jnews_primary_category":[],"jnews_override_counter":[],"footnotes":""},"categories":[42],"tags":[684,8785,863,8396,9550,8735,3719,9549],"class_list":["post-6649","post","type-post","status-publish","format-standard","has-post-thumbnail","hentry","category-politica","tag-conflict","tag-dubai","tag-elevi","tag-oman","tag-program-de-zbor","tag-repatriere","tag-vrancea","tag-zbor-special"],"_links":{"self":[{"href":"https:\/\/www.newsrecorder.ro\/app\/wp-json\/wp\/v2\/posts\/6649","targetHints":{"allow":["GET"]}}],"collection":[{"href":"https:\/\/www.newsrecorder.ro\/app\/wp-json\/wp\/v2\/posts"}],"about":[{"href":"https:\/\/www.newsrecorder.ro\/app\/wp-json\/wp\/v2\/types\/post"}],"author":[{"embeddable":true,"href":"https:\/\/www.newsrecorder.ro\/app\/wp-json\/wp\/v2\/users\/2"}],"replies":[{"embeddable":true,"href":"https:\/\/www.newsrecorder.ro\/app\/wp-json\/wp\/v2\/comments?post=6649"}],"version-history":[{"count":0,"href":"https:\/\/www.newsrecorder.ro\/app\/wp-json\/wp\/v2\/posts\/6649\/revisions"}],"wp:featuredmedia":[{"embeddable":true,"href":"https:\/\/www.newsrecorder.ro\/app\/wp-json\/wp\/v2\/media\/6650"}],"wp:attachment":[{"href":"https:\/\/www.newsrecorder.ro\/app\/wp-json\/wp\/v2\/media?parent=6649"}],"wp:term":[{"taxonomy":"category","embeddable":true,"href":"https:\/\/www.newsrecorder.ro\/app\/wp-json\/wp\/v2\/categories?post=6649"},{"taxonomy":"post_tag","embeddable":true,"href":"https:\/\/www.newsrecorder.ro\/app\/wp-json\/wp\/v2\/tags?post=6649"}],"curies":[{"name":"wp","href":"https:\/\/api.w.org\/{rel}","templated":true}]}}