{"id":6651,"date":"2026-03-05T14:37:44","date_gmt":"2026-03-05T14:37:44","guid":{"rendered":"https:\/\/www.newsrecorder.ro\/app\/2026\/03\/05\/ministrul-dragos-pislaru-astazi-romania-straluceste\/"},"modified":"2026-03-05T14:37:44","modified_gmt":"2026-03-05T14:37:44","slug":"ministrul-dragos-pislaru-astazi-romania-straluceste","status":"publish","type":"post","link":"https:\/\/www.newsrecorder.ro\/app\/2026\/03\/05\/ministrul-dragos-pislaru-astazi-romania-straluceste\/","title":{"rendered":"\u201eMinistrul Drago\u0219 P\u00eeslaru: Ast\u0103zi Rom\u00e2nia str\u0103luce\u0219te!\u201d"},"content":{"rendered":"<p class=\"font-claude-response-body break-words whitespace-normal leading-[1.7]\">Recent, Guvernul Rom\u00e2niei a adoptat dou\u0103 reforme esen\u021biale care marcheaz\u0103 \u00eendeplinirea unor jaloane importante din Planul Na\u021bional de Redresare \u0219i Rezilien\u021b\u0103 (PNRR). Aceste m\u0103suri faciliteaz\u0103 accesul la peste 3 miliarde de euro din fonduri europene.<\/p>\n<p class=\"font-claude-response-body break-words whitespace-normal leading-[1.7]\">Printre reformele aprobate se num\u0103r\u0103 hot\u0103r\u00e2rea privind reforma Romsilva, care finalizeaz\u0103 Jalonul 24, \u0219i m\u0103surile de decarbonizare, ce \u00eenchid Jalonul 119. Aceste reforme, \u00eempreun\u0103 cu bugetul aprobat, \u00eendeplinesc condi\u021biile necesare pentru a solicita pl\u0103\u021bile 3 \u0219i 4 din PNRR.<\/p>\n<p class=\"font-claude-response-body break-words whitespace-normal leading-[1.7]\">\u201eObiectivul nostru este s\u0103 avem totul clarificat pentru aprobarea preliminar\u0103 a Comisiei Europene p\u00e2n\u0103 la sf\u00e2r\u0219itul lunii martie&#8221;, a declarat ministrul P\u00eeslaru.<\/p>\n<p><strong>Peste 3 miliarde de euro, \u00een a\u0219teptare de la Bruxelles<\/strong><\/p>\n<p class=\"font-claude-response-body break-words whitespace-normal leading-[1.7]\">Cererea de plat\u0103 num\u0103rul 4 se ridic\u0103 la o valoare de 2,62 miliarde de euro. La aceasta se va ad\u0103uga o parte din cererea de plat\u0103 3, ceea ce \u00eenseamn\u0103 c\u0103 Rom\u00e2nia estimeaz\u0103 o \u00eencasare total\u0103 de peste 3 miliarde de euro \u00eentr-o singur\u0103 tran\u0219\u0103 din partea Comisiei Europene.<\/p>\n<p class=\"font-claude-response-body break-words whitespace-normal leading-[1.7]\">Comisia European\u0103 a confirmat c\u0103 va analiza argumentele prezentate de Rom\u00e2nia \u00eentr-o manier\u0103 constructiv\u0103.<\/p>\n<p><strong>200 de jaloane, nu 500<\/strong><\/p>\n<p class=\"font-claude-response-body break-words whitespace-normal leading-[1.7]\">Ministrul P\u00eeslaru a corectat o informa\u021bie frecvent \u00eent\u00e2lnit\u0103, subliniind c\u0103 Rom\u00e2nia nu mai are de \u00eendeplinit 500 de jaloane p\u00e2n\u0103 la 31 august 2026, ci aproximativ 200, dup\u0103 renegocierea PNRR.<\/p>\n<p class=\"font-claude-response-body break-words whitespace-normal leading-[1.7]\">\u201eAm reu\u0219it s\u0103 reducem semnificativ num\u0103rul de jaloane \u0219i de obiective&#8221;, a ad\u0103ugat P\u00eeslaru.<\/p>\n<p class=\"font-claude-response-body break-words whitespace-normal leading-[1.7]\">El a men\u021bionat c\u0103 analiza de risc este finalizat\u0103 \u0219i c\u0103 discu\u021biile cu ministerele sunt \u00een desf\u0103\u0219urare. Detalii suplimentare privind stadiul implement\u0103rii \u0219i m\u0103surile corective vor fi f\u0103cute publice \u00een perioada imediat urm\u0103toare.<\/p>\n<p class=\"font-claude-response-body break-words whitespace-normal leading-[1.7]\">Cu excep\u021bia a patru m\u0103suri specifice, care constituie sub 5% din valoarea total\u0103 a PNRR, toate obiectivele sunt realizabile, conform declara\u021biilor oficiale.<\/p>\n","protected":false},"excerpt":{"rendered":"<p>Recent, Guvernul Rom\u00e2niei a adoptat dou\u0103 reforme esen\u021biale care marcheaz\u0103 \u00eendeplinirea unor jaloane importante din Planul Na\u021bional de Redresare \u0219i Rezilien\u021b\u0103 (PNRR). Aceste m\u0103suri faciliteaz\u0103 accesul la peste 3 miliarde de euro din fonduri europene. Printre reformele aprobate se num\u0103r\u0103 hot\u0103r\u00e2rea privind reforma Romsilva, care finalizeaz\u0103 Jalonul 24, \u0219i m\u0103surile de decarbonizare, ce \u00eenchid Jalonul [&hellip;]<\/p>\n","protected":false},"author":2,"featured_media":6652,"comment_status":"open","ping_status":"open","sticky":false,"template":"","format":"standard","meta":{"jnews-multi-image_gallery":[],"jnews_single_post":[],"jnews_primary_category":[],"jnews_override_counter":[],"footnotes":""},"categories":[42],"tags":[499,9552,1766,4889,6024,9553,9551,6819],"class_list":["post-6651","post","type-post","status-publish","format-standard","has-post-thumbnail","hentry","category-politica","tag-comisia-europeana","tag-decarbonizare","tag-fonduri-europene","tag-guvernul-romaniei","tag-planul-national-de-redresare-si-rezilienta","tag-plati-pnr","tag-reforme-esentiale","tag-romsilva"],"_links":{"self":[{"href":"https:\/\/www.newsrecorder.ro\/app\/wp-json\/wp\/v2\/posts\/6651","targetHints":{"allow":["GET"]}}],"collection":[{"href":"https:\/\/www.newsrecorder.ro\/app\/wp-json\/wp\/v2\/posts"}],"about":[{"href":"https:\/\/www.newsrecorder.ro\/app\/wp-json\/wp\/v2\/types\/post"}],"author":[{"embeddable":true,"href":"https:\/\/www.newsrecorder.ro\/app\/wp-json\/wp\/v2\/users\/2"}],"replies":[{"embeddable":true,"href":"https:\/\/www.newsrecorder.ro\/app\/wp-json\/wp\/v2\/comments?post=6651"}],"version-history":[{"count":0,"href":"https:\/\/www.newsrecorder.ro\/app\/wp-json\/wp\/v2\/posts\/6651\/revisions"}],"wp:featuredmedia":[{"embeddable":true,"href":"https:\/\/www.newsrecorder.ro\/app\/wp-json\/wp\/v2\/media\/6652"}],"wp:attachment":[{"href":"https:\/\/www.newsrecorder.ro\/app\/wp-json\/wp\/v2\/media?parent=6651"}],"wp:term":[{"taxonomy":"category","embeddable":true,"href":"https:\/\/www.newsrecorder.ro\/app\/wp-json\/wp\/v2\/categories?post=6651"},{"taxonomy":"post_tag","embeddable":true,"href":"https:\/\/www.newsrecorder.ro\/app\/wp-json\/wp\/v2\/tags?post=6651"}],"curies":[{"name":"wp","href":"https:\/\/api.w.org\/{rel}","templated":true}]}}