{"id":6673,"date":"2026-03-05T15:07:32","date_gmt":"2026-03-05T15:07:32","guid":{"rendered":"https:\/\/www.newsrecorder.ro\/app\/2026\/03\/05\/fugiti-din-iran-sute-cauta-refugiu-in-azerbaidjan-din-cauza-razboiului\/"},"modified":"2026-03-05T15:07:32","modified_gmt":"2026-03-05T15:07:32","slug":"fugiti-din-iran-sute-cauta-refugiu-in-azerbaidjan-din-cauza-razboiului","status":"publish","type":"post","link":"https:\/\/www.newsrecorder.ro\/app\/2026\/03\/05\/fugiti-din-iran-sute-cauta-refugiu-in-azerbaidjan-din-cauza-razboiului\/","title":{"rendered":"Fugi\u021bi din Iran: Sute caut\u0103 refugiu \u00een Azerbaidjan din cauza r\u0103zboiului!"},"content":{"rendered":"<p>Guvernul Azerbaidjanului a anun\u021bat recent deschiderea punctului de trecere Astara, o m\u0103sur\u0103 menit\u0103 s\u0103 faciliteze evacuarea persoanelor aflate \u00een Iran, pe fondul intensific\u0103rii conflictului militar din regiune. Autorit\u0103\u021bile din acest ora\u0219, situat la grani\u021ba sudic\u0103 a \u021b\u0103rii, proceseaz\u0103 zilnic sute de oameni care ajung la frontier\u0103, \u00een c\u0103utarea unei c\u0103i sigure de a se \u00eentoarce \u00een \u021b\u0103rile de origine, conform informa\u021biilor furnizate de <a href=\"https:\/\/www.euronews.com\/2026\/03\/05\/hundreds-of-people-continue-to-evacuate-via-azerbaijan-amid-us-israeli-war-on-iran\" target=\"_blank\" rel=\"noopener\">Euronews<\/a>.<\/p>\n<p>Mul\u021bi dintre cei evacua\u021bi relat\u0103 c\u0103 au parcurs distan\u021be considerabile pentru a ajunge la grani\u021b\u0103, uneori c\u0103l\u0103torind ore \u00eentregi din ora\u0219e precum Teheran. Aceast\u0103 situa\u021bie reflect\u0103 gravitatea crizei din Iran, unde condi\u021biile s-au deteriorat rapid, determin\u00e2ndu-i pe mul\u021bi s\u0103 plece \u00eenainte ca conflictul s\u0103 escaladeze \u0219i mai mult.<\/p>\n<p>Printre persoanele care au reu\u0219it s\u0103 treac\u0103 grani\u021ba se num\u0103r\u0103 cet\u0103\u021beni din Asia Central\u0103, Europa \u0219i Orientul Mijlociu. De asemenea, un num\u0103r semnificativ de cet\u0103\u021beni pakistanezi care locuiau \u00een Iran, inclusiv diploma\u021bi de la ambasada Pakistanului din Teheran, au ajuns la frontier\u0103 pentru a fi repatria\u021bi.<\/p>\n<p>Evacu\u0103rile includ \u0219i diploma\u021bi europeni, cum ar fi cei din Serbia \u0219i Slovacia, care au fost transporta\u021bi \u00een Azerbaidjan \u00een ultimele zile. Aceast\u0103 coordonare interna\u021bional\u0103 subliniaz\u0103 gravitatea situa\u021biei \u0219i necesitatea unei reac\u021bii rapide.<\/p>\n<p>\u00cen acest context, ministrul de externe al Azerbaidjanului, Jeyhun Bayramov, a avut discu\u021bii recente cu \u0219efa diploma\u021biei europene, Kaja Kallas, pentru a coordona evacuarea cet\u0103\u021benilor europeni din Iran. Aceste negocieri sunt esen\u021biale pentru asigurarea unei evacu\u0103ri \u00een siguran\u021b\u0103 a persoanelor aflate \u00een dificultate.<\/p>\n<p>Autorit\u0103\u021bile avertizeaz\u0103 c\u0103 <a href=\"https:\/\/www.mediafax.ro\/externe\/razboi-in-orientul-mijlociu-ziua-6-israelul-semnaleaza-o-noua-lansare-de-rachete-balistice-din-iran-sua-identifica-alti-doi-soldati-ucisi-in-atacul-cu-drona-din-kuweit-23697528\" target=\"_blank\" rel=\"noopener\">situa\u021bia r\u0103m\u00e2ne volatil\u0103<\/a>, iar numeroase state continu\u0103 s\u0103 \u00ee\u0219i intensifice eforturile de a-\u0219i repatria cet\u0103\u021benii din Iran \u00eentr-un mod sigur \u0219i eficient.<\/p>\n","protected":false},"excerpt":{"rendered":"<p>Guvernul Azerbaidjanului a anun\u021bat recent deschiderea punctului de trecere Astara, o m\u0103sur\u0103 menit\u0103 s\u0103 faciliteze evacuarea persoanelor aflate \u00een Iran, pe fondul intensific\u0103rii conflictului militar din regiune. Autorit\u0103\u021bile din acest ora\u0219, situat la grani\u021ba sudic\u0103 a \u021b\u0103rii, proceseaz\u0103 zilnic sute de oameni care ajung la frontier\u0103, \u00een c\u0103utarea unei c\u0103i sigure de a se \u00eentoarce [&hellip;]<\/p>\n","protected":false},"author":2,"featured_media":6674,"comment_status":"open","ping_status":"open","sticky":false,"template":"","format":"standard","meta":{"jnews-multi-image_gallery":[],"jnews_single_post":[],"jnews_primary_category":[],"jnews_override_counter":[],"footnotes":""},"categories":[41],"tags":[901,289,4291,2403,2179,6312,913,6398],"class_list":["post-6673","post","type-post","status-publish","format-standard","has-post-thumbnail","hentry","category-externe","tag-azerbaidjan","tag-cetateni","tag-conflict-militar","tag-criza","tag-evacuare","tag-granita","tag-iran","tag-punct-de-trecere"],"_links":{"self":[{"href":"https:\/\/www.newsrecorder.ro\/app\/wp-json\/wp\/v2\/posts\/6673","targetHints":{"allow":["GET"]}}],"collection":[{"href":"https:\/\/www.newsrecorder.ro\/app\/wp-json\/wp\/v2\/posts"}],"about":[{"href":"https:\/\/www.newsrecorder.ro\/app\/wp-json\/wp\/v2\/types\/post"}],"author":[{"embeddable":true,"href":"https:\/\/www.newsrecorder.ro\/app\/wp-json\/wp\/v2\/users\/2"}],"replies":[{"embeddable":true,"href":"https:\/\/www.newsrecorder.ro\/app\/wp-json\/wp\/v2\/comments?post=6673"}],"version-history":[{"count":0,"href":"https:\/\/www.newsrecorder.ro\/app\/wp-json\/wp\/v2\/posts\/6673\/revisions"}],"wp:featuredmedia":[{"embeddable":true,"href":"https:\/\/www.newsrecorder.ro\/app\/wp-json\/wp\/v2\/media\/6674"}],"wp:attachment":[{"href":"https:\/\/www.newsrecorder.ro\/app\/wp-json\/wp\/v2\/media?parent=6673"}],"wp:term":[{"taxonomy":"category","embeddable":true,"href":"https:\/\/www.newsrecorder.ro\/app\/wp-json\/wp\/v2\/categories?post=6673"},{"taxonomy":"post_tag","embeddable":true,"href":"https:\/\/www.newsrecorder.ro\/app\/wp-json\/wp\/v2\/tags?post=6673"}],"curies":[{"name":"wp","href":"https:\/\/api.w.org\/{rel}","templated":true}]}}