{"id":6713,"date":"2026-03-05T17:39:12","date_gmt":"2026-03-05T17:39:12","guid":{"rendered":"https:\/\/www.newsrecorder.ro\/app\/2026\/03\/05\/judecator-claudiu-dragusin-deschide-usile-consiliului-superior-al-magistraturii\/"},"modified":"2026-03-05T17:39:12","modified_gmt":"2026-03-05T17:39:12","slug":"judecator-claudiu-dragusin-deschide-usile-consiliului-superior-al-magistraturii","status":"publish","type":"post","link":"https:\/\/www.newsrecorder.ro\/app\/2026\/03\/05\/judecator-claudiu-dragusin-deschide-usile-consiliului-superior-al-magistraturii\/","title":{"rendered":"Judec\u0103tor Claudiu Dr\u0103gu\u0219in Deschide U\u0219ile Consiliului Superior al Magistraturii!"},"content":{"rendered":"<p>Dup\u0103 ce reforma pensiilor speciale pentru magistra\u021bi a fost promulgat\u0103, intensitatea discu\u021biilor \u0219i presiunilor din partea politicienilor a sc\u0103zut considerabil. Totu\u0219i, problemele din sistemul de Justi\u021bie r\u0103m\u00e2n nerezolvate.<\/p>\n<p>\u00cen acest context, ne \u00eentreb\u0103m ce se va \u00eent\u00e2mpla cu grupul creat de Guvern pentru a modifica Legile Justi\u021biei. De asemenea, este de interes referendumului propus de Pre\u0219edintele Rom\u00e2niei, dar \u0219i dac\u0103 Consiliul Superior al Magistraturii (CSM) poate fi desfiin\u021bat. Judec\u0103torii au o opinie clar\u0103 despre interven\u021biile Executivului \u00een activitatea magistraturii, iar \u00eencrederea lor \u00een a fi supu\u0219i din nou anchetelor DNA este, de asemenea, un subiect de discu\u021bie. \u00cen plus, c\u00e2t de extins\u0103 este corup\u021bia \u00een sistemul judiciar?<\/p>\n<p>Aceste teme vor fi abordate \u00een cadrul unui interviu exclusiv cu judec\u0103torul Claudiu Dr\u0103gu\u0219in, membru al Consiliului Superior al Magistraturii, care va avea loc vineri, de la ora 13:00, pe <a href=\"https:\/\/www.youtube.com\/@MediafaxRO\">Mediafax<\/a>.<\/p>\n","protected":false},"excerpt":{"rendered":"<p>Dup\u0103 ce reforma pensiilor speciale pentru magistra\u021bi a fost promulgat\u0103, intensitatea discu\u021biilor \u0219i presiunilor din partea politicienilor a sc\u0103zut considerabil. Totu\u0219i, problemele din sistemul de Justi\u021bie r\u0103m\u00e2n nerezolvate. \u00cen acest context, ne \u00eentreb\u0103m ce se va \u00eent\u00e2mpla cu grupul creat de Guvern pentru a modifica Legile Justi\u021biei. De asemenea, este de interes referendumului propus de [&hellip;]<\/p>\n","protected":false},"author":2,"featured_media":6714,"comment_status":"open","ping_status":"open","sticky":false,"template":"","format":"standard","meta":{"jnews-multi-image_gallery":[],"jnews_single_post":[],"jnews_primary_category":[],"jnews_override_counter":[],"footnotes":""},"categories":[39],"tags":[9620,1076,9621,2717,2406,283,4206,9619],"class_list":["post-6713","post","type-post","status-publish","format-standard","has-post-thumbnail","hentry","category-stirile-zilei","tag-consiliul-superior-al-magistraturii","tag-coruptie","tag-interviu-exclusiv","tag-judecatori","tag-magistrati","tag-referendum","tag-reforma-pensiilor","tag-sistemul-de-justitie"],"_links":{"self":[{"href":"https:\/\/www.newsrecorder.ro\/app\/wp-json\/wp\/v2\/posts\/6713","targetHints":{"allow":["GET"]}}],"collection":[{"href":"https:\/\/www.newsrecorder.ro\/app\/wp-json\/wp\/v2\/posts"}],"about":[{"href":"https:\/\/www.newsrecorder.ro\/app\/wp-json\/wp\/v2\/types\/post"}],"author":[{"embeddable":true,"href":"https:\/\/www.newsrecorder.ro\/app\/wp-json\/wp\/v2\/users\/2"}],"replies":[{"embeddable":true,"href":"https:\/\/www.newsrecorder.ro\/app\/wp-json\/wp\/v2\/comments?post=6713"}],"version-history":[{"count":0,"href":"https:\/\/www.newsrecorder.ro\/app\/wp-json\/wp\/v2\/posts\/6713\/revisions"}],"wp:featuredmedia":[{"embeddable":true,"href":"https:\/\/www.newsrecorder.ro\/app\/wp-json\/wp\/v2\/media\/6714"}],"wp:attachment":[{"href":"https:\/\/www.newsrecorder.ro\/app\/wp-json\/wp\/v2\/media?parent=6713"}],"wp:term":[{"taxonomy":"category","embeddable":true,"href":"https:\/\/www.newsrecorder.ro\/app\/wp-json\/wp\/v2\/categories?post=6713"},{"taxonomy":"post_tag","embeddable":true,"href":"https:\/\/www.newsrecorder.ro\/app\/wp-json\/wp\/v2\/tags?post=6713"}],"curies":[{"name":"wp","href":"https:\/\/api.w.org\/{rel}","templated":true}]}}