{"id":6715,"date":"2026-03-05T17:39:45","date_gmt":"2026-03-05T17:39:45","guid":{"rendered":"https:\/\/www.newsrecorder.ro\/app\/2026\/03\/05\/viktor-orban-foloseste-criza-din-iran-pentru-a-si-intari-partidul-inaintea-alegerilor\/"},"modified":"2026-03-05T17:39:45","modified_gmt":"2026-03-05T17:39:45","slug":"viktor-orban-foloseste-criza-din-iran-pentru-a-si-intari-partidul-inaintea-alegerilor","status":"publish","type":"post","link":"https:\/\/www.newsrecorder.ro\/app\/2026\/03\/05\/viktor-orban-foloseste-criza-din-iran-pentru-a-si-intari-partidul-inaintea-alegerilor\/","title":{"rendered":"Viktor Orban folose\u0219te criza din Iran pentru a-\u0219i \u00eent\u0103ri partidul \u00eenaintea alegerilor!"},"content":{"rendered":"<p>Premierul Ungariei, Viktor Orban, a decis s\u0103 implementeze m\u0103suri mai stricte de control la frontier\u0103 pentru cet\u0103\u021benii str\u0103ini, ca reac\u021bie la intensificarea conflictului din Orientul Mijlociu.<\/p>\n<p>Acest pas reflect\u0103 o concentrare tot mai mare a lui Orban pe problemele de securitate, care devin un element central al campaniei sale electorale. Anali\u0219tii cita\u021bi de <a style=\"color: #0000ff\" href=\"https:\/\/www.euronews.com\/my-europe\/2026\/03\/05\/orban-tightens-border-controls-as-iran-crisis-hits-hungarys-election-campaign\" target=\"_blank\" rel=\"noopener\">Euronews<\/a> sugereaz\u0103 c\u0103 liderul ungar folose\u0219te criza din Iran ca pe o oportunitate de a-\u0219i promova partidul, Fidesz, \u00eenainte de alegerile parlamentare ce vor avea loc luna viitoare.<\/p>\n<p>Orban a subliniat c\u0103 situa\u021bia actual\u0103 din Orientul Mijlociu aduce riscuri pentru Ungaria, \u00een special \u00een ceea ce prive\u0219te pre\u021burile la energie \u0219i securitatea na\u021bional\u0103. \u00cen acest context, discursul s\u0103u despre asigurarea securit\u0103\u021bii ar putea s\u0103-i fie de folos \u00een campania electoral\u0103.<\/p>\n<p>Conform Euronews, imediat dup\u0103 atacurile efectuate de SUA \u0219i Israel asupra Iranului s\u0103pt\u0103m\u00e2na trecut\u0103, Orban a convocat o \u00eent\u00e2lnire a cabinetului s\u0103u de securitate, ridic\u00e2nd nivelul de alert\u0103 terorist\u0103 \u00een \u021bar\u0103. Ca urmare, au fost stabilite controale suplimentare la frontier\u0103.<\/p>\n<p>\u201eOrganiza\u021biile teroriste provenite din Orientul Mijlociu s-au stabilit \u0219i s-au consolidat \u00een Europa de Vest. Ne a\u0219tept\u0103m ca acestea s\u0103 activeze celule teroriste \u00een \u00eentreaga Europ\u0103. Vom proteja pacea \u0219i securitatea Ungariei \u00een aceast\u0103 situa\u021bie. De aceea, am \u00eent\u0103rit controalele asupra traficului de pasageri str\u0103ini care sosesc \u00een Ungaria\u201d, a declarat Orban.<\/p>\n<p>Analiz\u00e2nd tactica lui Orban, Bulcs\u00fa Hunyadi, analist politic de la Institutul Political Capital din Ungaria, a men\u021bionat pentru Euronews c\u0103 \u00eencercarea premierului de a se prezenta ca un garant al securit\u0103\u021bii ar putea avea succes \u00eenainte de alegerile din aprilie.<\/p>\n<p>\u201eConflictul cu Iranul ad\u00e2nce\u0219te incertitudinea, ceea ce se aliniaz\u0103 cu nara\u021biunea c\u0103 mediul este instabil \u0219i c\u0103 securitatea este asigurat\u0103 de guvernul Fidesz. Aceasta poate fi, de asemenea, corelat\u0103 cu importan\u021ba petrolului rusesc care trece prin Ucraina, pe fondul incertitudinii cresc\u00e2nde pe pie\u021bele energetice\u201d, a explicat Hunyadi.<\/p>\n<p>Un alt expert, D\u00e1niel Heged\u0171s, director adjunct al Institutului pentru Politic\u0103 European\u0103 din Berlin, a afirmat c\u0103 problematica conductei Drujba ar putea influen\u021ba favorabil imaginea lui Orban.<\/p>\n<p>\u201eEvenimentele recente pun \u00een pericol securitatea energetic\u0103 a Ungariei \u0219i oamenii se \u00eentreab\u0103 dac\u0103 ar fi \u00een interesul lor ca Ucraina s\u0103 reia transferurile pe termen scurt\u201d, a spus Heged\u0171s.<\/p>\n<p>Cu toate acestea, criza energetic\u0103 din Europa ar putea avea efecte negative asupra guvernului ungar, dac\u0103 pre\u021burile vor r\u0103m\u00e2ne mari \u00een s\u0103pt\u0103m\u00e2nile urm\u0103toare, avertizeaz\u0103 Hunyadi.<\/p>\n<p>\u201ePe termen scurt, guvernul poate da vina pe Ucraina, Iran, America \u0219i Uniunea European\u0103. \u00cens\u0103, dac\u0103 promite protec\u021bie popula\u021biei \u0219i nu reu\u0219e\u0219te s\u0103 onoreze aceste promisiuni, ar putea avea de suferit. Pe termen lung, exist\u0103 riscuri reale pentru guvern\u201d, a conchis Hunyadi.<\/p>\n<p>Alegerile parlamentare din Ungaria sunt programate pentru 12 aprilie, iar partidul de opozi\u021bie, Tisza, conduce \u00een preferin\u021bele aleg\u0103torilor, conform celor mai recente sondaje.<\/p>\n","protected":false},"excerpt":{"rendered":"<p>Premierul Ungariei, Viktor Orban, a decis s\u0103 implementeze m\u0103suri mai stricte de control la frontier\u0103 pentru cet\u0103\u021benii str\u0103ini, ca reac\u021bie la intensificarea conflictului din Orientul Mijlociu. Acest pas reflect\u0103 o concentrare tot mai mare a lui Orban pe problemele de securitate, care devin un element central al campaniei sale electorale. Anali\u0219tii cita\u021bi de Euronews sugereaz\u0103 [&hellip;]<\/p>\n","protected":false},"author":2,"featured_media":6716,"comment_status":"open","ping_status":"open","sticky":false,"template":"","format":"standard","meta":{"jnews-multi-image_gallery":[],"jnews_single_post":[],"jnews_primary_category":[],"jnews_override_counter":[],"footnotes":""},"categories":[39],"tags":[3160,9129,9623,9622,5437,874,1924,2103],"class_list":["post-6715","post","type-post","status-publish","format-standard","has-post-thumbnail","hentry","category-stirile-zilei","tag-alegeri-parlamentare","tag-conflict-orientul-mijlociu","tag-criza-iraniana","tag-masuri-de-control","tag-partidul-fidesz","tag-securitate","tag-ungaria","tag-viktor-orban"],"_links":{"self":[{"href":"https:\/\/www.newsrecorder.ro\/app\/wp-json\/wp\/v2\/posts\/6715","targetHints":{"allow":["GET"]}}],"collection":[{"href":"https:\/\/www.newsrecorder.ro\/app\/wp-json\/wp\/v2\/posts"}],"about":[{"href":"https:\/\/www.newsrecorder.ro\/app\/wp-json\/wp\/v2\/types\/post"}],"author":[{"embeddable":true,"href":"https:\/\/www.newsrecorder.ro\/app\/wp-json\/wp\/v2\/users\/2"}],"replies":[{"embeddable":true,"href":"https:\/\/www.newsrecorder.ro\/app\/wp-json\/wp\/v2\/comments?post=6715"}],"version-history":[{"count":0,"href":"https:\/\/www.newsrecorder.ro\/app\/wp-json\/wp\/v2\/posts\/6715\/revisions"}],"wp:featuredmedia":[{"embeddable":true,"href":"https:\/\/www.newsrecorder.ro\/app\/wp-json\/wp\/v2\/media\/6716"}],"wp:attachment":[{"href":"https:\/\/www.newsrecorder.ro\/app\/wp-json\/wp\/v2\/media?parent=6715"}],"wp:term":[{"taxonomy":"category","embeddable":true,"href":"https:\/\/www.newsrecorder.ro\/app\/wp-json\/wp\/v2\/categories?post=6715"},{"taxonomy":"post_tag","embeddable":true,"href":"https:\/\/www.newsrecorder.ro\/app\/wp-json\/wp\/v2\/tags?post=6715"}],"curies":[{"name":"wp","href":"https:\/\/api.w.org\/{rel}","templated":true}]}}