{"id":6717,"date":"2026-03-05T17:40:09","date_gmt":"2026-03-05T17:40:09","guid":{"rendered":"https:\/\/www.newsrecorder.ro\/app\/2026\/03\/05\/uniunea-europeana-investitii-masive-pentru-apararea-flancului-estic\/"},"modified":"2026-03-05T17:40:09","modified_gmt":"2026-03-05T17:40:09","slug":"uniunea-europeana-investitii-masive-pentru-apararea-flancului-estic","status":"publish","type":"post","link":"https:\/\/www.newsrecorder.ro\/app\/2026\/03\/05\/uniunea-europeana-investitii-masive-pentru-apararea-flancului-estic\/","title":{"rendered":"Uniunea European\u0103: Investi\u021bii masive pentru ap\u0103rarea flancului estic!"},"content":{"rendered":"<p style=\"text-align: left\">\u00cen cadrul unei \u00eent\u00e2lniri recente a Comisiei pentru Dezvoltare Regional\u0103 din Parlamentul European, vicepre\u0219edintele Comisiei Europene, Raffaele Fitto, a prezentat o strategie ambi\u021bioas\u0103 pentru sprijinirea regiunilor Uniunii Europene. Aceast\u0103 ini\u021biativ\u0103 vizeaz\u0103 consolidarea asisten\u021bei \u00een special pentru zonele aflate la grani\u021ba estic\u0103 a UE.<\/p>\n<p style=\"text-align: left\">Dan Motreanu, europarlamentar rom\u00e2n, a subliniat importan\u021ba acestei strategii, men\u021bion\u00e2nd c\u0103 \u201eRom\u00e2nia are cea mai lung\u0103 grani\u021b\u0103 cu Ucraina \u00een cadrul UE. Astfel, am cerut constant o sus\u021binere mai robust\u0103 pentru regiunile de la est, inclusiv prin crearea unui fond special dedicat acestora.\u201d<\/p>\n<p style=\"text-align: left\">Strategia propus\u0103 include o serie de proiecte europene axate pe securitate \u0219i ap\u0103rare, menite s\u0103 \u00eent\u0103reasc\u0103 protec\u021bia la grani\u021ba estic\u0103 a Uniunii. Printre aceste ini\u021biative se reg\u0103sesc supravegherea zonelor de frontier\u0103, un program european de ap\u0103rare \u00eempotriva dronelor, precum \u0219i dezvoltarea unor sisteme comune de ap\u0103rare aerian\u0103 \u0219i de monitorizare spa\u021bial\u0103, ce fac parte din proiectele Scutul Aerian European \u0219i Scutul Spa\u021bial European.<\/p>\n<p style=\"text-align: left\">\u00cen plus, Comisia European\u0103 a anun\u021bat lansarea instrumentului EastInvest, destinat sprijinirii investi\u021biilor de aproximativ 28 de miliarde de euro \u00een regiunile europene adiacente Rusiei, Ucrainei \u0219i Belarusului. Acest mecanism are ca scop facilitarea accesului ini\u021biatorilor de proiecte la finan\u021bare, oferind \u00eemprumuturi \u0219i asisten\u021b\u0103 tehnic\u0103 pentru stimularea economiilor locale, extinderea schimburilor comerciale \u0219i \u00eent\u0103rirea securit\u0103\u021bii \u00een aceste regiuni.<\/p>\n<p style=\"text-align: left\">Rom\u00e2nia va beneficia \u0219i ea de aceste fonduri, cu trei regiuni &#8211; Nord-Vest, Nord-Est \u0219i Sud-Est &#8211; eligibile pentru accesarea de finan\u021b\u0103ri destinate proiectelor pentru IMM-uri, antreprenoriat, agricultur\u0103, transporturi \u0219i conectivitate. Proiectele vor fi sus\u021binute at\u00e2t prin acest nou program, c\u00e2t \u0219i prin granturi din fondurile de coeziune.<\/p>\n<p style=\"text-align: left\">De asemenea, strategia include finan\u021barea unor proiecte prioritare pentru infrastructura energetic\u0103 transfrontalier\u0103 \u0219i modernizarea re\u021belelor de transport, acoperind at\u00e2t infrastructura rutier\u0103, c\u00e2t \u0219i cea feroviar\u0103 \u0219i portuar\u0103, unele dintre acestea av\u00e2nd utilizare dual\u0103, at\u00e2t civil\u0103, c\u00e2t \u0219i militar\u0103.<\/p>\n<p style=\"text-align: left\">Un alt obiectiv esen\u021bial al programului este sprijinirea comunit\u0103\u021bilor din regiunile de frontier\u0103 pentru a contracara migrarea tinerilor c\u0103tre alte zone ale Uniunii. Potrivit europarlamentarului rom\u00e2n, Comisia European\u0103 ia \u00een considerare m\u0103suri pentru a men\u021bine tinerii \u00een aceste regiuni, inclusiv dezvoltarea unor trasee de la educa\u021bie la pia\u021ba muncii \u0219i introducerea unor scheme de sprijin pentru achizi\u021bionarea primei locuin\u021be, prin \u00eemprumuturi cu dob\u00e2nd\u0103 redus\u0103 pentru tinerii profesioni\u0219ti.<\/p>\n","protected":false},"excerpt":{"rendered":"<p>\u00cen cadrul unei \u00eent\u00e2lniri recente a Comisiei pentru Dezvoltare Regional\u0103 din Parlamentul European, vicepre\u0219edintele Comisiei Europene, Raffaele Fitto, a prezentat o strategie ambi\u021bioas\u0103 pentru sprijinirea regiunilor Uniunii Europene. Aceast\u0103 ini\u021biativ\u0103 vizeaz\u0103 consolidarea asisten\u021bei \u00een special pentru zonele aflate la grani\u021ba estic\u0103 a UE. Dan Motreanu, europarlamentar rom\u00e2n, a subliniat importan\u021ba acestei strategii, men\u021bion\u00e2nd c\u0103 \u201eRom\u00e2nia [&hellip;]<\/p>\n","protected":false},"author":2,"featured_media":6718,"comment_status":"open","ping_status":"open","sticky":false,"template":"","format":"standard","meta":{"jnews-multi-image_gallery":[],"jnews_single_post":[],"jnews_primary_category":[],"jnews_override_counter":[],"footnotes":""},"categories":[39],"tags":[9628,499,8199,9626,9625,1845,9627,9624],"class_list":["post-6717","post","type-post","status-publish","format-standard","has-post-thumbnail","hentry","category-stirile-zilei","tag-asistenta-regionala","tag-comisia-europeana","tag-dan-motreanu","tag-fond-special","tag-granita-ucraina","tag-proiecte-europene","tag-securitate-si-aparare","tag-strategia-regionala"],"_links":{"self":[{"href":"https:\/\/www.newsrecorder.ro\/app\/wp-json\/wp\/v2\/posts\/6717","targetHints":{"allow":["GET"]}}],"collection":[{"href":"https:\/\/www.newsrecorder.ro\/app\/wp-json\/wp\/v2\/posts"}],"about":[{"href":"https:\/\/www.newsrecorder.ro\/app\/wp-json\/wp\/v2\/types\/post"}],"author":[{"embeddable":true,"href":"https:\/\/www.newsrecorder.ro\/app\/wp-json\/wp\/v2\/users\/2"}],"replies":[{"embeddable":true,"href":"https:\/\/www.newsrecorder.ro\/app\/wp-json\/wp\/v2\/comments?post=6717"}],"version-history":[{"count":0,"href":"https:\/\/www.newsrecorder.ro\/app\/wp-json\/wp\/v2\/posts\/6717\/revisions"}],"wp:featuredmedia":[{"embeddable":true,"href":"https:\/\/www.newsrecorder.ro\/app\/wp-json\/wp\/v2\/media\/6718"}],"wp:attachment":[{"href":"https:\/\/www.newsrecorder.ro\/app\/wp-json\/wp\/v2\/media?parent=6717"}],"wp:term":[{"taxonomy":"category","embeddable":true,"href":"https:\/\/www.newsrecorder.ro\/app\/wp-json\/wp\/v2\/categories?post=6717"},{"taxonomy":"post_tag","embeddable":true,"href":"https:\/\/www.newsrecorder.ro\/app\/wp-json\/wp\/v2\/tags?post=6717"}],"curies":[{"name":"wp","href":"https:\/\/api.w.org\/{rel}","templated":true}]}}