{"id":6737,"date":"2026-03-05T19:08:39","date_gmt":"2026-03-05T19:08:39","guid":{"rendered":"https:\/\/www.newsrecorder.ro\/app\/2026\/03\/05\/martie-aduce-surprize-placute-prognoza-meteo-de-primavara-de-la-anm\/"},"modified":"2026-03-05T19:08:39","modified_gmt":"2026-03-05T19:08:39","slug":"martie-aduce-surprize-placute-prognoza-meteo-de-primavara-de-la-anm","status":"publish","type":"post","link":"https:\/\/www.newsrecorder.ro\/app\/2026\/03\/05\/martie-aduce-surprize-placute-prognoza-meteo-de-primavara-de-la-anm\/","title":{"rendered":"Martie aduce surprize pl\u0103cute! Prognoza meteo de prim\u0103var\u0103 de la ANM"},"content":{"rendered":"<p>Conform prognozei emise de Administra\u021bia Na\u021bional\u0103 de Meteorologie (ANM), s\u0103pt\u0103m\u00e2na 2-9 martie va aduce temperaturi mai ridicate dec\u00e2t cele obi\u0219nuite pentru aceast\u0103 perioad\u0103, \u00een special \u00een regiunile vestice, nordice \u0219i centrale ale \u021b\u0103rii. Totodat\u0103, se estimeaz\u0103 c\u0103 regimul pluviometric va fi deficitar pe \u00eentreg teritoriul Rom\u00e2niei.<\/p>\n<p>\u00cen intervalul 9-16 martie, se preconizeaz\u0103 c\u0103 temperaturile medii vor r\u0103m\u00e2ne u\u0219or peste valorile normale \u00een regiunile vestice, nordice \u0219i centrale, \u00een timp ce \u00een celelalte zone, acestea vor fi \u00een general apropiate de normele sezoniere. \u00cen ceea ce prive\u0219te precipita\u021biile, cantit\u0103\u021bile vor continua s\u0103 fie deficitare la nivel na\u021bional, cu un accent deosebit asupra zonelor montane.<\/p>\n<p>\u00cen s\u0103pt\u0103m\u00e2na 16-23 martie, se estimeaz\u0103 c\u0103 temperatura medie a aerului va dep\u0103\u0219i, de asemenea, valorile normale pentru acest interval \u00een toate regiunile \u021b\u0103rii. Regimul pluviometric va fi, \u00een general, apropiat de cel normal, oferind o u\u0219oar\u0103 ameliorare \u00een privin\u021ba precipita\u021biilor \u00een majoritatea zonele.<\/p>\n<p>\u00cen final, \u00eentre 23-30 martie, se a\u0219teapt\u0103 ca mediile valorilor termice s\u0103 fie u\u0219or superioare celor specifice acestei perioade, pe \u00eentreg teritoriul Rom\u00e2niei. Din punct de vedere al precipita\u021biilor, cantit\u0103\u021bile vor fi, de asemenea, \u00een apropierea normelor sezoniere, conform informa\u021biilor furnizate de ANM.<\/p>\n","protected":false},"excerpt":{"rendered":"<p>Conform prognozei emise de Administra\u021bia Na\u021bional\u0103 de Meteorologie (ANM), s\u0103pt\u0103m\u00e2na 2-9 martie va aduce temperaturi mai ridicate dec\u00e2t cele obi\u0219nuite pentru aceast\u0103 perioad\u0103, \u00een special \u00een regiunile vestice, nordice \u0219i centrale ale \u021b\u0103rii. Totodat\u0103, se estimeaz\u0103 c\u0103 regimul pluviometric va fi deficitar pe \u00eentreg teritoriul Rom\u00e2niei. \u00cen intervalul 9-16 martie, se preconizeaz\u0103 c\u0103 temperaturile medii [&hellip;]<\/p>\n","protected":false},"author":5,"featured_media":6738,"comment_status":"open","ping_status":"open","sticky":false,"template":"","format":"standard","meta":{"jnews-multi-image_gallery":[],"jnews_single_post":[],"jnews_primary_category":[],"jnews_override_counter":[],"footnotes":""},"categories":[45],"tags":[8439,141,1812,7867,149,9647,737,742],"class_list":["post-6737","post","type-post","status-publish","format-standard","has-post-thumbnail","hentry","category-meteo","tag-precipitatii-deficitare","tag-prognoza-meteo","tag-regimul-pluviometric","tag-regiuni-vestice","tag-romania","tag-saptamana-2-9-martie","tag-temperaturi-ridicate","tag-zone-montane"],"_links":{"self":[{"href":"https:\/\/www.newsrecorder.ro\/app\/wp-json\/wp\/v2\/posts\/6737","targetHints":{"allow":["GET"]}}],"collection":[{"href":"https:\/\/www.newsrecorder.ro\/app\/wp-json\/wp\/v2\/posts"}],"about":[{"href":"https:\/\/www.newsrecorder.ro\/app\/wp-json\/wp\/v2\/types\/post"}],"author":[{"embeddable":true,"href":"https:\/\/www.newsrecorder.ro\/app\/wp-json\/wp\/v2\/users\/5"}],"replies":[{"embeddable":true,"href":"https:\/\/www.newsrecorder.ro\/app\/wp-json\/wp\/v2\/comments?post=6737"}],"version-history":[{"count":0,"href":"https:\/\/www.newsrecorder.ro\/app\/wp-json\/wp\/v2\/posts\/6737\/revisions"}],"wp:featuredmedia":[{"embeddable":true,"href":"https:\/\/www.newsrecorder.ro\/app\/wp-json\/wp\/v2\/media\/6738"}],"wp:attachment":[{"href":"https:\/\/www.newsrecorder.ro\/app\/wp-json\/wp\/v2\/media?parent=6737"}],"wp:term":[{"taxonomy":"category","embeddable":true,"href":"https:\/\/www.newsrecorder.ro\/app\/wp-json\/wp\/v2\/categories?post=6737"},{"taxonomy":"post_tag","embeddable":true,"href":"https:\/\/www.newsrecorder.ro\/app\/wp-json\/wp\/v2\/tags?post=6737"}],"curies":[{"name":"wp","href":"https:\/\/api.w.org\/{rel}","templated":true}]}}