{"id":6743,"date":"2026-03-05T19:09:30","date_gmt":"2026-03-05T19:09:30","guid":{"rendered":"https:\/\/www.newsrecorder.ro\/app\/2026\/03\/05\/primavara-aduce-caldura-prognoza-meteo-pentru-urmatoarele-4-saptamani-2\/"},"modified":"2026-03-05T19:09:30","modified_gmt":"2026-03-05T19:09:30","slug":"primavara-aduce-caldura-prognoza-meteo-pentru-urmatoarele-4-saptamani-2","status":"publish","type":"post","link":"https:\/\/www.newsrecorder.ro\/app\/2026\/03\/05\/primavara-aduce-caldura-prognoza-meteo-pentru-urmatoarele-4-saptamani-2\/","title":{"rendered":"Prim\u0103vara aduce c\u0103ldur\u0103: Prognoza meteo pentru urm\u0103toarele 4 s\u0103pt\u0103m\u00e2ni!"},"content":{"rendered":"<p>\u00cen ultima s\u0103pt\u0103m\u00e2n\u0103 de iarn\u0103, care se \u00eentinde \u00eentre <strong>23 februarie \u0219i 2 martie<\/strong>, Administra\u021bia Na\u021bional\u0103 de Meteorologie (ANM) anun\u021b\u0103 o varia\u021bie semnificativ\u0103 a valorilor termice. \u00cen regiunile sud-estice, acestea vor fi mai sc\u0103zute dec\u00e2t media specific\u0103 acestei perioade, \u00een timp ce \u00een regiunile vestice se preconizeaz\u0103 temperaturi u\u0219or mai ridicate. \u00cen restul \u021b\u0103rii, valorile termice se vor men\u021bine, \u00een general, \u00een apropierea celor normale pentru acest interval.<\/p>\n<p>\u00cen ceea ce prive\u0219te precipita\u021biile, regimul pluviometric va fi local excedentar \u00een regiunile nordice, \u00een timp ce zonele sudice vor experimenta o deficit de precipita\u021bii. \u00cen alte regiuni, cantit\u0103\u021bile de precipita\u021bii vor fi, \u00een general, conforme cu normele acestei perioade.<\/p>\n<p>Pe parcursul s\u0103pt\u0103m\u00e2nii <strong>2 \u2013 9 martie<\/strong>, se a\u0219teapt\u0103 ca temperaturile medii s\u0103 fie mai ridicate dec\u00e2t cele normale, cu o abatere termic\u0103 pozitiv\u0103 semnificativ\u0103 \u00een regiunile vestice \u0219i nord-vestice. Totodat\u0103, se estimeaz\u0103 c\u0103 precipita\u021biile vor fi deficitare la nivel na\u021bional.<\/p>\n<p>\u00cen s\u0103pt\u0103m\u00e2na <strong>9 \u2013 16 martie<\/strong>, meteorologii prognozeaz\u0103 o medie a temperaturii aerului ce va fi apropiat\u0103 de valorile normale pentru aceast\u0103 perioad\u0103, \u00een majoritatea regiunilor. Regimul pluviometric se va men\u021bine deficitar \u00een regiunile vestice, \u00eens\u0103 \u00een celelalte zone va fi, \u00een general, \u00een conformitate cu normalul sezonier.<\/p>\n<p>\u00centre <strong>16 \u0219i 23 martie<\/strong>, se estimeaz\u0103 c\u0103 mediile temperaturilor vor fi u\u0219or superioare valorilor specifice acestei s\u0103pt\u0103m\u00e2ni, \u00een special \u00een regiunile intracarpatice. Cantit\u0103\u021bile de precipita\u021bii vor fi, de asemenea, \u00een conformitate cu normele pentru acest interval \u00een toate regiunile.<\/p>\n<p>&nbsp;<\/p>\n","protected":false},"excerpt":{"rendered":"<p>\u00cen ultima s\u0103pt\u0103m\u00e2n\u0103 de iarn\u0103, care se \u00eentinde \u00eentre 23 februarie \u0219i 2 martie, Administra\u021bia Na\u021bional\u0103 de Meteorologie (ANM) anun\u021b\u0103 o varia\u021bie semnificativ\u0103 a valorilor termice. \u00cen regiunile sud-estice, acestea vor fi mai sc\u0103zute dec\u00e2t media specific\u0103 acestei perioade, \u00een timp ce \u00een regiunile vestice se preconizeaz\u0103 temperaturi u\u0219or mai ridicate. \u00cen restul \u021b\u0103rii, valorile [&hellip;]<\/p>\n","protected":false},"author":5,"featured_media":6744,"comment_status":"open","ping_status":"open","sticky":false,"template":"","format":"standard","meta":{"jnews-multi-image_gallery":[],"jnews_single_post":[],"jnews_primary_category":[],"jnews_override_counter":[],"footnotes":""},"categories":[45],"tags":[150,564,133,135,7862,1600,126,9648],"class_list":["post-6743","post","type-post","status-publish","format-standard","has-post-thumbnail","hentry","category-meteo","tag-anm","tag-iarna","tag-meteorologie","tag-precipitatii","tag-regiunile-sud-estice","tag-regiunile-vestice","tag-temperaturi","tag-variatii-termice"],"_links":{"self":[{"href":"https:\/\/www.newsrecorder.ro\/app\/wp-json\/wp\/v2\/posts\/6743","targetHints":{"allow":["GET"]}}],"collection":[{"href":"https:\/\/www.newsrecorder.ro\/app\/wp-json\/wp\/v2\/posts"}],"about":[{"href":"https:\/\/www.newsrecorder.ro\/app\/wp-json\/wp\/v2\/types\/post"}],"author":[{"embeddable":true,"href":"https:\/\/www.newsrecorder.ro\/app\/wp-json\/wp\/v2\/users\/5"}],"replies":[{"embeddable":true,"href":"https:\/\/www.newsrecorder.ro\/app\/wp-json\/wp\/v2\/comments?post=6743"}],"version-history":[{"count":0,"href":"https:\/\/www.newsrecorder.ro\/app\/wp-json\/wp\/v2\/posts\/6743\/revisions"}],"wp:featuredmedia":[{"embeddable":true,"href":"https:\/\/www.newsrecorder.ro\/app\/wp-json\/wp\/v2\/media\/6744"}],"wp:attachment":[{"href":"https:\/\/www.newsrecorder.ro\/app\/wp-json\/wp\/v2\/media?parent=6743"}],"wp:term":[{"taxonomy":"category","embeddable":true,"href":"https:\/\/www.newsrecorder.ro\/app\/wp-json\/wp\/v2\/categories?post=6743"},{"taxonomy":"post_tag","embeddable":true,"href":"https:\/\/www.newsrecorder.ro\/app\/wp-json\/wp\/v2\/tags?post=6743"}],"curies":[{"name":"wp","href":"https:\/\/api.w.org\/{rel}","templated":true}]}}