{"id":6751,"date":"2026-03-05T19:36:13","date_gmt":"2026-03-05T19:36:13","guid":{"rendered":"https:\/\/www.newsrecorder.ro\/app\/2026\/03\/05\/harry-kane-accidentat-va-lipsi-in-meciul-cu-monchengladbach\/"},"modified":"2026-03-05T19:36:13","modified_gmt":"2026-03-05T19:36:13","slug":"harry-kane-accidentat-va-lipsi-in-meciul-cu-monchengladbach","status":"publish","type":"post","link":"https:\/\/www.newsrecorder.ro\/app\/2026\/03\/05\/harry-kane-accidentat-va-lipsi-in-meciul-cu-monchengladbach\/","title":{"rendered":"Harry Kane, accidentat! Va lipsi \u00een meciul cu M\u00f6nchengladbach"},"content":{"rendered":"<p>Harry Kane, atacantul englez \u00een v\u00e2rst\u0103 de 32 de ani, se confrunt\u0103 cu o problem\u0103 la gamb\u0103, iar antrenorul echipei Bayern M\u00fcnchen, Vincent Kompany, a anun\u021bat c\u0103 juc\u0103torul nu este complet ref\u0103cut. Aceast\u0103 informa\u021bie a fost f\u0103cut\u0103 public\u0103 \u00een cadrul unei conferin\u021be de pres\u0103 care a avut loc joi.<\/p>\n<p>Kompany a subliniat c\u0103, de\u0219i problema nu este grav\u0103, Kane nu este \u00eenc\u0103 preg\u0103tit s\u0103 revin\u0103 pe teren. \u201eA primit o lovitur\u0103 la gamb\u0103 \u0219i nu este complet ref\u0103cut. Nu este nimic grav pentru moment, dar ar putea avea nevoie de \u00eenc\u0103 o zi de recuperare\u201d, a declarat antrenorul.<\/p>\n<p>Harry Kane, c\u0103pitanul echipei na\u021bionale a Angliei, se bucur\u0103 de un sezon impresionant la Bayern, av\u00e2nd un bilan\u021b remarcabil de 30 de goluri \u00een 24 de meciuri, contribuind semnificativ la performan\u021bele echipei, care se afl\u0103 pe locul \u00eent\u00e2i \u00een Bundesliga.<\/p>\n<p>De asemenea, echipa din M\u00fcnchen va trebui s\u0103 se descurce f\u0103r\u0103 doi funda\u0219i importan\u021bi, Hiroki Ito \u0219i Alphonso Davies, ambii fiind indisponibili pentru meciul urm\u0103tor.<\/p>\n<p>Bayern M\u00fcnchen conduce cu autoritate clasamentul Bundesliga, av\u00e2nd un avans de 11 puncte fa\u021b\u0103 de principala urm\u0103ritoare, Borussia Dortmund.<\/p>\n","protected":false},"excerpt":{"rendered":"<p>Harry Kane, atacantul englez \u00een v\u00e2rst\u0103 de 32 de ani, se confrunt\u0103 cu o problem\u0103 la gamb\u0103, iar antrenorul echipei Bayern M\u00fcnchen, Vincent Kompany, a anun\u021bat c\u0103 juc\u0103torul nu este complet ref\u0103cut. Aceast\u0103 informa\u021bie a fost f\u0103cut\u0103 public\u0103 \u00een cadrul unei conferin\u021be de pres\u0103 care a avut loc joi. Kompany a subliniat c\u0103, de\u0219i problema [&hellip;]<\/p>\n","protected":false},"author":6,"featured_media":6752,"comment_status":"open","ping_status":"open","sticky":false,"template":"","format":"standard","meta":{"jnews-multi-image_gallery":[],"jnews_single_post":[],"jnews_primary_category":[],"jnews_override_counter":[],"footnotes":""},"categories":[46],"tags":[1394,6781,9654,9652,9653,585,9655,6720],"class_list":["post-6751","post","type-post","status-publish","format-standard","has-post-thumbnail","hentry","category-sport","tag-bayern-munchen","tag-bundesliga","tag-echipa-nationala-angliei","tag-harry-kane","tag-problema-gamba","tag-recuperare","tag-sezon-impresionant","tag-vincent-kompany"],"_links":{"self":[{"href":"https:\/\/www.newsrecorder.ro\/app\/wp-json\/wp\/v2\/posts\/6751","targetHints":{"allow":["GET"]}}],"collection":[{"href":"https:\/\/www.newsrecorder.ro\/app\/wp-json\/wp\/v2\/posts"}],"about":[{"href":"https:\/\/www.newsrecorder.ro\/app\/wp-json\/wp\/v2\/types\/post"}],"author":[{"embeddable":true,"href":"https:\/\/www.newsrecorder.ro\/app\/wp-json\/wp\/v2\/users\/6"}],"replies":[{"embeddable":true,"href":"https:\/\/www.newsrecorder.ro\/app\/wp-json\/wp\/v2\/comments?post=6751"}],"version-history":[{"count":0,"href":"https:\/\/www.newsrecorder.ro\/app\/wp-json\/wp\/v2\/posts\/6751\/revisions"}],"wp:featuredmedia":[{"embeddable":true,"href":"https:\/\/www.newsrecorder.ro\/app\/wp-json\/wp\/v2\/media\/6752"}],"wp:attachment":[{"href":"https:\/\/www.newsrecorder.ro\/app\/wp-json\/wp\/v2\/media?parent=6751"}],"wp:term":[{"taxonomy":"category","embeddable":true,"href":"https:\/\/www.newsrecorder.ro\/app\/wp-json\/wp\/v2\/categories?post=6751"},{"taxonomy":"post_tag","embeddable":true,"href":"https:\/\/www.newsrecorder.ro\/app\/wp-json\/wp\/v2\/tags?post=6751"}],"curies":[{"name":"wp","href":"https:\/\/api.w.org\/{rel}","templated":true}]}}