{"id":6769,"date":"2026-03-05T19:38:47","date_gmt":"2026-03-05T19:38:47","guid":{"rendered":"https:\/\/www.newsrecorder.ro\/app\/2026\/03\/05\/vreme-extrema-vant-puternic-in-moldova-si-muntenia-joi-si-vineri\/"},"modified":"2026-03-05T19:38:47","modified_gmt":"2026-03-05T19:38:47","slug":"vreme-extrema-vant-puternic-in-moldova-si-muntenia-joi-si-vineri","status":"publish","type":"post","link":"https:\/\/www.newsrecorder.ro\/app\/2026\/03\/05\/vreme-extrema-vant-puternic-in-moldova-si-muntenia-joi-si-vineri\/","title":{"rendered":"Vreme extrem\u0103: V\u00e2nt puternic \u00een Moldova \u0219i Muntenia joi \u0219i vineri!"},"content":{"rendered":"<p>Conform prognozei meteorologice emis\u0103 de ANM, joi, \u00een nordul \u0219i centrul Moldovei, v\u00e2ntul va suferi intensific\u0103ri temporare, ating\u00e2nd viteze de 40-45 km\/h.<\/p>\n<p>\u00cen ziua de vineri, acest fenomen se va muta spre nord-estul Munteniei \u0219i sudul Dobrogei, unde rafalele vor avea viteze asem\u0103n\u0103toare.<\/p>\n<p>Pe crestele Carpa\u021bilor de Curbur\u0103 \u0219i Meridionali, v\u00e2ntul va atinge chiar valori mai ridicate, cu rafale ce vor ajunge p\u00e2n\u0103 la 60-65 km\/h.<\/p>\n<p>Este important de men\u021bionat c\u0103 o avertizare de tip Cod galben este \u00een vigoare vineri, 6 martie, \u00eentre orele 08:00 \u0219i 20:00.<\/p>\n<p>Zonele afectate de aceste intensific\u0103ri sunt Moldova \u0219i nordul Dobrogei, unde v\u00e2ntul va sufla cu viteze cuprinse \u00eentre 50 \u0219i 65 km\/h.<\/p>\n<p>Astfel, at\u00e2t locuitorii din Moldova, c\u00e2t \u0219i cei din nordul Dobrogei, sunt sf\u0103tui\u021bi s\u0103 fie aten\u021bi la condi\u021biile meteorologice, av\u00e2nd \u00een vedere intensific\u0103rile v\u00e2ntului prognozate.<\/p>\n","protected":false},"excerpt":{"rendered":"<p>Conform prognozei meteorologice emis\u0103 de ANM, joi, \u00een nordul \u0219i centrul Moldovei, v\u00e2ntul va suferi intensific\u0103ri temporare, ating\u00e2nd viteze de 40-45 km\/h. \u00cen ziua de vineri, acest fenomen se va muta spre nord-estul Munteniei \u0219i sudul Dobrogei, unde rafalele vor avea viteze asem\u0103n\u0103toare. Pe crestele Carpa\u021bilor de Curbur\u0103 \u0219i Meridionali, v\u00e2ntul va atinge chiar valori [&hellip;]<\/p>\n","protected":false},"author":5,"featured_media":6770,"comment_status":"open","ping_status":"open","sticky":false,"template":"","format":"standard","meta":{"jnews-multi-image_gallery":[],"jnews_single_post":[],"jnews_primary_category":[],"jnews_override_counter":[],"footnotes":""},"categories":[45],"tags":[150,196,2253,1422,871,1802,5680,137],"class_list":["post-6769","post","type-post","status-publish","format-standard","has-post-thumbnail","hentry","category-meteo","tag-anm","tag-cod-galben","tag-dobrogea","tag-intensificari","tag-moldova","tag-prognoza-meteorologica","tag-rafale","tag-vant"],"_links":{"self":[{"href":"https:\/\/www.newsrecorder.ro\/app\/wp-json\/wp\/v2\/posts\/6769","targetHints":{"allow":["GET"]}}],"collection":[{"href":"https:\/\/www.newsrecorder.ro\/app\/wp-json\/wp\/v2\/posts"}],"about":[{"href":"https:\/\/www.newsrecorder.ro\/app\/wp-json\/wp\/v2\/types\/post"}],"author":[{"embeddable":true,"href":"https:\/\/www.newsrecorder.ro\/app\/wp-json\/wp\/v2\/users\/5"}],"replies":[{"embeddable":true,"href":"https:\/\/www.newsrecorder.ro\/app\/wp-json\/wp\/v2\/comments?post=6769"}],"version-history":[{"count":0,"href":"https:\/\/www.newsrecorder.ro\/app\/wp-json\/wp\/v2\/posts\/6769\/revisions"}],"wp:featuredmedia":[{"embeddable":true,"href":"https:\/\/www.newsrecorder.ro\/app\/wp-json\/wp\/v2\/media\/6770"}],"wp:attachment":[{"href":"https:\/\/www.newsrecorder.ro\/app\/wp-json\/wp\/v2\/media?parent=6769"}],"wp:term":[{"taxonomy":"category","embeddable":true,"href":"https:\/\/www.newsrecorder.ro\/app\/wp-json\/wp\/v2\/categories?post=6769"},{"taxonomy":"post_tag","embeddable":true,"href":"https:\/\/www.newsrecorder.ro\/app\/wp-json\/wp\/v2\/tags?post=6769"}],"curies":[{"name":"wp","href":"https:\/\/api.w.org\/{rel}","templated":true}]}}