{"id":6781,"date":"2026-03-05T20:06:37","date_gmt":"2026-03-05T20:06:37","guid":{"rendered":"https:\/\/www.newsrecorder.ro\/app\/2026\/03\/05\/ceata-densa-pe-drumurile-din-romania-avertisment-infotrafic-4\/"},"modified":"2026-03-05T20:06:37","modified_gmt":"2026-03-05T20:06:37","slug":"ceata-densa-pe-drumurile-din-romania-avertisment-infotrafic-4","status":"publish","type":"post","link":"https:\/\/www.newsrecorder.ro\/app\/2026\/03\/05\/ceata-densa-pe-drumurile-din-romania-avertisment-infotrafic-4\/","title":{"rendered":"Cea\u021b\u0103 dens\u0103 pe drumurile din Rom\u00e2nia: Avertisment Infotrafic!"},"content":{"rendered":"<p>Centrul Infotrafic din cadrul Inspectoratului General al Poli\u021biei Rom\u00e2ne a anun\u021bat c\u0103, \u00een diminea\u021ba zilei de duminic\u0103, nu au fost raportate accidente rutiere care s\u0103 necesite impunerea de restric\u021bii pe re\u021beaua de autostr\u0103zi \u0219i drumuri na\u021bionale.<\/p>\n<p>Cu toate acestea, \u0219oferii trebuie s\u0103 fie aten\u021bi, deoarece se circul\u0103 \u00een condi\u021bii de cea\u021b\u0103 dens\u0103, ceea ce reduce vizibilitatea pe mai multe artere rutiere din jude\u021bele din regiunile Dobrogea, Moldova, Muntenia \u0219i Oltenia, la sub 200 de metri.<\/p>\n<p>Cea\u021ba afecteaz\u0103 \u0219i autostr\u0103zile importante, inclusiv A1 Bucure\u0219ti \u2013 Pite\u0219ti, A2 Bucure\u0219ti \u2013 Constan\u021ba, A3 Bucure\u0219ti \u2013 Ploie\u0219ti, A4 Ovidiu \u2013 Agigea, \u0219i A7 Ploie\u0219ti \u2013 Adjud.<\/p>\n<p>\u00cen contextul acestor condi\u021bii de vizibilitate sc\u0103zut\u0103, Infotrafic recomand\u0103 conduc\u0103torilor auto s\u0103 adopte m\u0103suri de siguran\u021b\u0103. Ace\u0219tia ar trebui s\u0103 circule cu vitez\u0103 redus\u0103, adaptat\u0103 la condi\u021biile meteorologice \u0219i starea drumului, s\u0103 men\u021bin\u0103 o distan\u021b\u0103 de siguran\u021b\u0103 mai mare \u00eentre vehicule, s\u0103 utilizeze sistemele de iluminare \u0219i dezaburire, \u0219i s\u0103 evite manevrele riscante.<\/p>\n","protected":false},"excerpt":{"rendered":"<p>Centrul Infotrafic din cadrul Inspectoratului General al Poli\u021biei Rom\u00e2ne a anun\u021bat c\u0103, \u00een diminea\u021ba zilei de duminic\u0103, nu au fost raportate accidente rutiere care s\u0103 necesite impunerea de restric\u021bii pe re\u021beaua de autostr\u0103zi \u0219i drumuri na\u021bionale. Cu toate acestea, \u0219oferii trebuie s\u0103 fie aten\u021bi, deoarece se circul\u0103 \u00een condi\u021bii de cea\u021b\u0103 dens\u0103, ceea ce reduce [&hellip;]<\/p>\n","protected":false},"author":5,"featured_media":6782,"comment_status":"open","ping_status":"open","sticky":false,"template":"","format":"standard","meta":{"jnews-multi-image_gallery":[],"jnews_single_post":[],"jnews_primary_category":[],"jnews_override_counter":[],"footnotes":""},"categories":[45],"tags":[5500,2669,131,974,5505,692,5499,851],"class_list":["post-6781","post","type-post","status-publish","format-standard","has-post-thumbnail","hentry","category-meteo","tag-accidente-rutiere","tag-autostrazi","tag-ceata","tag-conditii-meteorologice","tag-infotrafic","tag-restrictii","tag-siguranta-rutiera","tag-vizibilitate"],"_links":{"self":[{"href":"https:\/\/www.newsrecorder.ro\/app\/wp-json\/wp\/v2\/posts\/6781","targetHints":{"allow":["GET"]}}],"collection":[{"href":"https:\/\/www.newsrecorder.ro\/app\/wp-json\/wp\/v2\/posts"}],"about":[{"href":"https:\/\/www.newsrecorder.ro\/app\/wp-json\/wp\/v2\/types\/post"}],"author":[{"embeddable":true,"href":"https:\/\/www.newsrecorder.ro\/app\/wp-json\/wp\/v2\/users\/5"}],"replies":[{"embeddable":true,"href":"https:\/\/www.newsrecorder.ro\/app\/wp-json\/wp\/v2\/comments?post=6781"}],"version-history":[{"count":0,"href":"https:\/\/www.newsrecorder.ro\/app\/wp-json\/wp\/v2\/posts\/6781\/revisions"}],"wp:featuredmedia":[{"embeddable":true,"href":"https:\/\/www.newsrecorder.ro\/app\/wp-json\/wp\/v2\/media\/6782"}],"wp:attachment":[{"href":"https:\/\/www.newsrecorder.ro\/app\/wp-json\/wp\/v2\/media?parent=6781"}],"wp:term":[{"taxonomy":"category","embeddable":true,"href":"https:\/\/www.newsrecorder.ro\/app\/wp-json\/wp\/v2\/categories?post=6781"},{"taxonomy":"post_tag","embeddable":true,"href":"https:\/\/www.newsrecorder.ro\/app\/wp-json\/wp\/v2\/tags?post=6781"}],"curies":[{"name":"wp","href":"https:\/\/api.w.org\/{rel}","templated":true}]}}