{"id":6791,"date":"2026-03-05T20:10:19","date_gmt":"2026-03-05T20:10:19","guid":{"rendered":"https:\/\/www.newsrecorder.ro\/app\/2026\/03\/05\/jim-carrey-inlocuit-de-o-sosie-la-gala-premiilor-cesar-teoria-socheaza\/"},"modified":"2026-03-05T20:10:19","modified_gmt":"2026-03-05T20:10:19","slug":"jim-carrey-inlocuit-de-o-sosie-la-gala-premiilor-cesar-teoria-socheaza","status":"publish","type":"post","link":"https:\/\/www.newsrecorder.ro\/app\/2026\/03\/05\/jim-carrey-inlocuit-de-o-sosie-la-gala-premiilor-cesar-teoria-socheaza\/","title":{"rendered":"Jim Carrey \u00eenlocuit de o sosie la Gala Premiilor C\u00e9sar? Teoria \u0219ocheaz\u0103!"},"content":{"rendered":"<p>Jim Carrey a fost onorat recent la ceremonia de decernare a premiilor C\u00e9sar, unde a primit o distinc\u021bie onorific\u0103 pentru \u00eentreaga sa carier\u0103. \u00cen cadrul acestui eveniment prestigios desf\u0103\u0219urat la Paris, actorul a sus\u021binut un discurs de c\u00e2teva minute \u00een limba francez\u0103, pe care o studiaz\u0103 de ceva timp, conform <a href=\"https:\/\/www.ilpost.it\/2026\/03\/03\/jim-carrey-teoria-complotto-sosia\/\" target=\"_blank\" rel=\"noopener\">Il Post<\/a>.<\/p>\n<p>\u00cen discursul s\u0103u, Carrey a subliniat leg\u0103turile sale cu Fran\u021ba \u0219i a men\u021bionat un str\u0103mo\u0219 care s-ar fi n\u0103scut \u00een urm\u0103 cu aproximativ trei secole \u00een Saint-Malo, \u00eenainte ca familia sa s\u0103 se stabileasc\u0103 \u00een Canada.<\/p>\n<p>La scurt timp dup\u0103 eveniment, fotografiile \u0219i \u00eenregistr\u0103rile video cu actorul au devenit virale pe re\u021belele sociale. O parte dintre utilizatori au observat schimb\u0103ri ciudate \u00een \u00eenf\u0103\u021bi\u0219area lui Carrey comparativ cu anii anteriori.<\/p>\n<p>Aceste observa\u021bii au condus la formularea unor ipoteze care sus\u021bin c\u0103 persoana care a ap\u0103rut pe scen\u0103 nu ar fi fost, de fapt, actorul Jim Carrey, ci un imitator sau un dublur. Teoriile au fost alimentate de post\u0103ri virale \u0219i de materiale mai vechi \u00een care Carrey recuno\u0219tea c\u0103 a folosit dubluri pentru a evita aten\u021bia paparazzilor.<\/p>\n<p>Un artist britanic renumit pentru transform\u0103rile sale spectaculoase a intensificat specula\u021biile printr-o postare \u00een care a distribuit imagini cu o masc\u0103 de latex, o peruc\u0103 \u0219i proteze dentare, suger\u00e2nd c\u0103 el ar fi putut interpreta rolul lui Carrey.<\/p>\n<p>Cu toate acestea, anumite publica\u021bii au demonstrat c\u0103 fotografia \u00een cauz\u0103 a fost generat\u0103 prin inteligen\u021b\u0103 artificial\u0103 \u0219i nu reprezenta o dovad\u0103 autentic\u0103.<\/p>\n<p>\u00cen fa\u021ba acestor zvonuri, organizatorii galei C\u00e9sar au reac\u021bionat prompt, dezmin\u021bind informa\u021biile false. Directorul executiv al evenimentului a subliniat c\u0103 prezen\u021ba lui Carrey a fost planificat\u0103 cu luni \u00eenainte \u0219i c\u0103 actorul a muncit din greu pentru a-\u0219i preg\u0103ti discursul \u00een limba francez\u0103.<\/p>\n<p>Sursele oficiale au confirmat c\u0103 Jim Carrey a sosit \u00een Paris \u00eenso\u021bit de membri ai familiei \u0219i de apropia\u021bi. Impresarul s\u0103u a declarat c\u0103 persoana care a ap\u0103rut pe scen\u0103 a fost, f\u0103r\u0103 \u00eendoial\u0103, Jim Carrey, iar specula\u021bia privind o sosie este complet nefondat\u0103.<\/p>\n<p><a href=\"https:\/\/www.mediafax.ro\/externe\/fostul-presedinte-al-sua-barack-obama-nu-am-vazut-nicio-dovada-ca-extraterestrii-au-contactat-pamantul-23687528\" target=\"_blank\" rel=\"noopener\">Teoriile conspira\u021biei<\/a> nu sunt o noutate. De-a lungul timpului, au circulat zvonuri similare despre numero\u0219i arti\u0219ti, de la muzicieni la actori celebri. Aceste specula\u021bii sunt adesea generate de schimb\u0103ri naturale \u00een aspectul fizic sau de imagini scoase din context, dar se r\u0103sp\u00e2ndesc rapid pe internet, hr\u0103nind curiozitatea \u0219i gustul publicului pentru senza\u021bional.<\/p>\n","protected":false},"excerpt":{"rendered":"<p>Jim Carrey a fost onorat recent la ceremonia de decernare a premiilor C\u00e9sar, unde a primit o distinc\u021bie onorific\u0103 pentru \u00eentreaga sa carier\u0103. \u00cen cadrul acestui eveniment prestigios desf\u0103\u0219urat la Paris, actorul a sus\u021binut un discurs de c\u00e2teva minute \u00een limba francez\u0103, pe care o studiaz\u0103 de ceva timp, conform Il Post. \u00cen discursul s\u0103u, [&hellip;]<\/p>\n","protected":false},"author":7,"featured_media":6792,"comment_status":"open","ping_status":"open","sticky":false,"template":"","format":"standard","meta":{"jnews-multi-image_gallery":[],"jnews_single_post":[],"jnews_primary_category":[],"jnews_override_counter":[],"footnotes":""},"categories":[43],"tags":[866,4943,9689,473,9334,9335,1955,9688],"class_list":["post-6791","post","type-post","status-publish","format-standard","has-post-thumbnail","hentry","category-cultura","tag-ceremonie","tag-discurs","tag-dublur","tag-franta","tag-jim-carrey","tag-premiile-cesar","tag-retele-sociale","tag-saint-malo"],"_links":{"self":[{"href":"https:\/\/www.newsrecorder.ro\/app\/wp-json\/wp\/v2\/posts\/6791","targetHints":{"allow":["GET"]}}],"collection":[{"href":"https:\/\/www.newsrecorder.ro\/app\/wp-json\/wp\/v2\/posts"}],"about":[{"href":"https:\/\/www.newsrecorder.ro\/app\/wp-json\/wp\/v2\/types\/post"}],"author":[{"embeddable":true,"href":"https:\/\/www.newsrecorder.ro\/app\/wp-json\/wp\/v2\/users\/7"}],"replies":[{"embeddable":true,"href":"https:\/\/www.newsrecorder.ro\/app\/wp-json\/wp\/v2\/comments?post=6791"}],"version-history":[{"count":0,"href":"https:\/\/www.newsrecorder.ro\/app\/wp-json\/wp\/v2\/posts\/6791\/revisions"}],"wp:featuredmedia":[{"embeddable":true,"href":"https:\/\/www.newsrecorder.ro\/app\/wp-json\/wp\/v2\/media\/6792"}],"wp:attachment":[{"href":"https:\/\/www.newsrecorder.ro\/app\/wp-json\/wp\/v2\/media?parent=6791"}],"wp:term":[{"taxonomy":"category","embeddable":true,"href":"https:\/\/www.newsrecorder.ro\/app\/wp-json\/wp\/v2\/categories?post=6791"},{"taxonomy":"post_tag","embeddable":true,"href":"https:\/\/www.newsrecorder.ro\/app\/wp-json\/wp\/v2\/tags?post=6791"}],"curies":[{"name":"wp","href":"https:\/\/api.w.org\/{rel}","templated":true}]}}