{"id":6799,"date":"2026-03-05T20:37:04","date_gmt":"2026-03-05T20:37:04","guid":{"rendered":"https:\/\/www.newsrecorder.ro\/app\/2026\/03\/05\/ciucu-anunta-concursuri-reale-pentru-conducerea-teatrelor\/"},"modified":"2026-03-05T20:37:04","modified_gmt":"2026-03-05T20:37:04","slug":"ciucu-anunta-concursuri-reale-pentru-conducerea-teatrelor","status":"publish","type":"post","link":"https:\/\/www.newsrecorder.ro\/app\/2026\/03\/05\/ciucu-anunta-concursuri-reale-pentru-conducerea-teatrelor\/","title":{"rendered":"\u201eCiucu anun\u021b\u0103 concursuri reale pentru conducerea teatrelor!\u201d"},"content":{"rendered":"<p style=\"text-align: left\">Primarul Bucure\u0219tiului a anun\u021bat pe pagina sa de <a href=\"https:\/\/www.facebook.com\/share\/p\/18RdNMpPQ7\/\" target=\"_blank\" rel=\"noopener\">Facebook<\/a> c\u0103 a auzit mesajul comunit\u0103\u021bilor culturale din capital\u0103 \u0219i, conform promisiunii sale, va debloca concursurile pentru posturile de manageri de teatre. Aceast\u0103 decizie vine ca un r\u0103spuns la solicit\u0103rile venite din partea sectorului cultural.<\/p>\n<p style=\"text-align: left\">Regulamentul pentru organizarea acestor concursuri a fost supus dezbaterii publice timp de dou\u0103 s\u0103pt\u0103m\u00e2ni. \u201eAst\u0103zi, 3 martie, am lansat regulamentul \u00een transparen\u021b\u0103\/dezbatere, conform legii. Dac\u0103 se identific\u0103 oportunit\u0103\u021bi de \u00eembun\u0103t\u0103\u021bire, le vom implementa\u201d, a declarat edilul.<\/p>\n<p style=\"text-align: left\">Primarul Ciucu a detaliat c\u0103 procesul va fi bine structurat \u0219i previzibil, \u00eencep\u00e2nd cu formarea comisiilor de concurs. \u00censcrierile vor demara \u00een dou\u0103 s\u0103pt\u0103m\u00e2ni, dar ini\u021bial pentru constituirea comisiilor, nu pentru candida\u021bi la func\u021biile de conducere. \u201eMai \u00eent\u00e2i, vom selecta comisiile de concurs conform legisla\u021biei. \u00cendemn persoanele cu experien\u021b\u0103 s\u0103 se \u00eenscrie, dar doar pentru comisii. Concursurile pentru directori vor fi planificate dup\u0103 ce comisiile vor fi formate\u201d, a precizat primarul.<\/p>\n<p style=\"text-align: left\">\u201eVreau s\u0103 subliniez c\u0103 aceste concursuri vor fi desf\u0103\u0219urate corect, sub egida speciali\u0219tilor, f\u0103r\u0103 ca eu s\u0103 intervin \u00een deciziile lor. A\u0219a este normal\u201d, a ad\u0103ugat el.<\/p>\n<p style=\"text-align: left\">Aceast\u0103 ini\u021biativ\u0103 apare la scurt timp dup\u0103 ce Federa\u021bia Teatrelor Metropolitane a ridicat problema interimatului prelungit \u00een teatrele subordonate Prim\u0103riei Bucure\u0219ti, subliniind lipsa organiz\u0103rii concursurilor pentru func\u021biile de manager \u0219i func\u021bionarea institu\u021biilor culturale \u201e\u00eentr-o zon\u0103 gri, f\u0103r\u0103 o direc\u021bie clar\u0103\u201d.<\/p>\n<p style=\"text-align: left\">Reprezentan\u021bii Federa\u021biei au solicitat clarific\u0103ri privind politica cultural\u0103 a Bucure\u0219tiului, afirm\u00e2nd c\u0103 instabilitatea managerial\u0103 afecteaz\u0103 nu doar repertoriile, ci \u0219i echipele \u0219i rela\u021bia cu publicul. Ace\u0219tia l-au invitat pe primarul general la teatru, subliniind c\u0103 \u201eo politic\u0103 cultural\u0103 nu poate fi construit\u0103 doar din tabele \u0219i c\u0103 cultura nu poate func\u021biona la nesf\u00e2r\u0219it \u00een regim de avarie\u201d.<\/p>\n<p style=\"text-align: left\">Actualmente, mai multe institu\u021bii culturale din Bucure\u0219ti sunt conduse de directori interimari, ceea ce subliniaz\u0103 necesitatea urgent\u0103 de stabilitate \u00een managementul acestora.<\/p>\n","protected":false},"excerpt":{"rendered":"<p>Primarul Bucure\u0219tiului a anun\u021bat pe pagina sa de Facebook c\u0103 a auzit mesajul comunit\u0103\u021bilor culturale din capital\u0103 \u0219i, conform promisiunii sale, va debloca concursurile pentru posturile de manageri de teatre. Aceast\u0103 decizie vine ca un r\u0103spuns la solicit\u0103rile venite din partea sectorului cultural. Regulamentul pentru organizarea acestor concursuri a fost supus dezbaterii publice timp de [&hellip;]<\/p>\n","protected":false},"author":7,"featured_media":6800,"comment_status":"open","ping_status":"open","sticky":false,"template":"","format":"standard","meta":{"jnews-multi-image_gallery":[],"jnews_single_post":[],"jnews_primary_category":[],"jnews_override_counter":[],"footnotes":""},"categories":[43],"tags":[9698,9292,9697,344,3274,6443,4254,1842],"class_list":["post-6799","post","type-post","status-publish","format-standard","has-post-thumbnail","hentry","category-cultura","tag-comisii-de-concurs","tag-comunitati-culturale","tag-concursuri-teatre","tag-dezbatere-publica","tag-primar-bucuresti","tag-regulament","tag-sector-cultural","tag-transparenta"],"_links":{"self":[{"href":"https:\/\/www.newsrecorder.ro\/app\/wp-json\/wp\/v2\/posts\/6799","targetHints":{"allow":["GET"]}}],"collection":[{"href":"https:\/\/www.newsrecorder.ro\/app\/wp-json\/wp\/v2\/posts"}],"about":[{"href":"https:\/\/www.newsrecorder.ro\/app\/wp-json\/wp\/v2\/types\/post"}],"author":[{"embeddable":true,"href":"https:\/\/www.newsrecorder.ro\/app\/wp-json\/wp\/v2\/users\/7"}],"replies":[{"embeddable":true,"href":"https:\/\/www.newsrecorder.ro\/app\/wp-json\/wp\/v2\/comments?post=6799"}],"version-history":[{"count":0,"href":"https:\/\/www.newsrecorder.ro\/app\/wp-json\/wp\/v2\/posts\/6799\/revisions"}],"wp:featuredmedia":[{"embeddable":true,"href":"https:\/\/www.newsrecorder.ro\/app\/wp-json\/wp\/v2\/media\/6800"}],"wp:attachment":[{"href":"https:\/\/www.newsrecorder.ro\/app\/wp-json\/wp\/v2\/media?parent=6799"}],"wp:term":[{"taxonomy":"category","embeddable":true,"href":"https:\/\/www.newsrecorder.ro\/app\/wp-json\/wp\/v2\/categories?post=6799"},{"taxonomy":"post_tag","embeddable":true,"href":"https:\/\/www.newsrecorder.ro\/app\/wp-json\/wp\/v2\/tags?post=6799"}],"curies":[{"name":"wp","href":"https:\/\/api.w.org\/{rel}","templated":true}]}}