{"id":6803,"date":"2026-03-05T20:37:40","date_gmt":"2026-03-05T20:37:40","guid":{"rendered":"https:\/\/www.newsrecorder.ro\/app\/2026\/03\/05\/control-la-muzeul-george-enescu-dupa-sesizari-despre-patrimoniul-de-tezaur\/"},"modified":"2026-03-05T20:37:40","modified_gmt":"2026-03-05T20:37:40","slug":"control-la-muzeul-george-enescu-dupa-sesizari-despre-patrimoniul-de-tezaur","status":"publish","type":"post","link":"https:\/\/www.newsrecorder.ro\/app\/2026\/03\/05\/control-la-muzeul-george-enescu-dupa-sesizari-despre-patrimoniul-de-tezaur\/","title":{"rendered":"Control la Muzeul \u201eGeorge Enescu\u201d dup\u0103 sesiz\u0103ri despre patrimoniul de tezaur"},"content":{"rendered":"<p>Recent, a fost luat\u0103 o decizie important\u0103 ca urmare a sesiz\u0103rilor ap\u0103rute \u00een spa\u021biul public, care vizeaz\u0103 p\u0103strarea manuscriselor lui George Enescu \u0219i a altor bunuri de patrimoniu.<\/p>\n<p>Aceste bunuri sunt clasificate \u00een categoria Tezaur, iar problemele semnalate s-ar fi manifestat \u00een perioada lucr\u0103rilor de renovare. Astfel, este esen\u021bial ca starea acestor obiecte valoroase s\u0103 fie evaluat\u0103 cu aten\u021bie.<\/p>\n<p>O comisie va fi responsabil\u0103 pentru verificarea aspectelor semnalate, analiz\u00e2nd condi\u021biile de conservare pe durata renov\u0103rii. \u00cen plus, va evalua modul \u00een care sunt gestionate bunurile culturale, asigur\u00e2ndu-se c\u0103 acestea primesc \u00eengrijirea necesar\u0103.<\/p>\n<p>Ministrul Culturii a declarat c\u0103 verific\u0103rile pot fi extinse, acoperind toate elementele considerate relevante pentru protejarea patrimoniului. Este un pas important, av\u00e2nd \u00een vedere valoarea acestor bunuri pentru cultura rom\u00e2neasc\u0103.<\/p>\n<p>\u00cen cadrul unui mesaj, ministrul a mul\u021bumit jurnali\u0219tilor pentru eforturile lor de a semnala posibile nereguli, subliniind c\u0103 aceste demersuri contribuie semnificativ la protejarea patrimoniului cultural.<\/p>\n<p>De asemenea, ministrul a exprimat \u00eencrederea \u00eentr-o colaborare deschis\u0103 pe durata \u00eentregului proces de control. Institu\u021bia vizat\u0103 este chemat\u0103 s\u0103 manifeste responsabilitate, asigur\u00e2nd transparen\u021ba \u0219i integritatea \u00een gestionarea bunurilor de patrimoniu.<\/p>\n","protected":false},"excerpt":{"rendered":"<p>Recent, a fost luat\u0103 o decizie important\u0103 ca urmare a sesiz\u0103rilor ap\u0103rute \u00een spa\u021biul public, care vizeaz\u0103 p\u0103strarea manuscriselor lui George Enescu \u0219i a altor bunuri de patrimoniu. Aceste bunuri sunt clasificate \u00een categoria Tezaur, iar problemele semnalate s-ar fi manifestat \u00een perioada lucr\u0103rilor de renovare. Astfel, este esen\u021bial ca starea acestor obiecte valoroase s\u0103 [&hellip;]<\/p>\n","protected":false},"author":7,"featured_media":6804,"comment_status":"open","ping_status":"open","sticky":false,"template":"","format":"standard","meta":{"jnews-multi-image_gallery":[],"jnews_single_post":[],"jnews_primary_category":[],"jnews_override_counter":[],"footnotes":""},"categories":[43],"tags":[9700,1277,9262,277,4248,1009,2369,4256],"class_list":["post-6803","post","type-post","status-publish","format-standard","has-post-thumbnail","hentry","category-cultura","tag-bunuri-de-patrimoniu","tag-conservare","tag-george-enescu","tag-manuscrise","tag-ministrul-culturii","tag-patrimoniu-cultural","tag-renovare","tag-tezaur"],"_links":{"self":[{"href":"https:\/\/www.newsrecorder.ro\/app\/wp-json\/wp\/v2\/posts\/6803","targetHints":{"allow":["GET"]}}],"collection":[{"href":"https:\/\/www.newsrecorder.ro\/app\/wp-json\/wp\/v2\/posts"}],"about":[{"href":"https:\/\/www.newsrecorder.ro\/app\/wp-json\/wp\/v2\/types\/post"}],"author":[{"embeddable":true,"href":"https:\/\/www.newsrecorder.ro\/app\/wp-json\/wp\/v2\/users\/7"}],"replies":[{"embeddable":true,"href":"https:\/\/www.newsrecorder.ro\/app\/wp-json\/wp\/v2\/comments?post=6803"}],"version-history":[{"count":0,"href":"https:\/\/www.newsrecorder.ro\/app\/wp-json\/wp\/v2\/posts\/6803\/revisions"}],"wp:featuredmedia":[{"embeddable":true,"href":"https:\/\/www.newsrecorder.ro\/app\/wp-json\/wp\/v2\/media\/6804"}],"wp:attachment":[{"href":"https:\/\/www.newsrecorder.ro\/app\/wp-json\/wp\/v2\/media?parent=6803"}],"wp:term":[{"taxonomy":"category","embeddable":true,"href":"https:\/\/www.newsrecorder.ro\/app\/wp-json\/wp\/v2\/categories?post=6803"},{"taxonomy":"post_tag","embeddable":true,"href":"https:\/\/www.newsrecorder.ro\/app\/wp-json\/wp\/v2\/tags?post=6803"}],"curies":[{"name":"wp","href":"https:\/\/api.w.org\/{rel}","templated":true}]}}