{"id":6813,"date":"2026-03-06T02:38:17","date_gmt":"2026-03-06T02:38:17","guid":{"rendered":"https:\/\/www.newsrecorder.ro\/app\/2026\/03\/06\/nicusor-dan-respinge-ideea-umbrelei-nucleare-franceze-in-romania\/"},"modified":"2026-03-06T02:38:17","modified_gmt":"2026-03-06T02:38:17","slug":"nicusor-dan-respinge-ideea-umbrelei-nucleare-franceze-in-romania","status":"publish","type":"post","link":"https:\/\/www.newsrecorder.ro\/app\/2026\/03\/06\/nicusor-dan-respinge-ideea-umbrelei-nucleare-franceze-in-romania\/","title":{"rendered":"Nicu\u0219or Dan respinge ideea &#8222;umbrelei nucleare&#8221; franceze \u00een Rom\u00e2nia"},"content":{"rendered":"<p>\u00cen cadrul unei conferin\u021be de pres\u0103 desf\u0103\u0219urate joi seara la Ambasada Rom\u00e2niei din Var\u0219ovia, pre\u0219edintele Nicu\u0219or Dan a subliniat c\u0103 Rom\u00e2nia beneficiaz\u0103 de protec\u021bia umbrelei nucleare a NATO, asigurat\u0103 de Statele Unite. El a declarat clar c\u0103 <strong>\u201ea fi protejat\u0103 de umbrela nuclear\u0103 NATO nu presupune prezen\u021ba unor elemente de natur\u0103 nuclear\u0103 pe teritoriul Rom\u00e2niei\u201d<\/strong>.<\/p>\n<p>De asemenea, Nicu\u0219or Dan a afirmat c\u0103, pe termen mediu, <strong>\u201enu se pune problema ca elemente nucleare s\u0103 fie g\u0103zduite de teritoriul nostru\u201d<\/strong>, eviden\u021biind astfel pozi\u021bia clar\u0103 a Rom\u00e2niei \u00een acest context. <\/p>\n<p>Un alt aspect important men\u021bionat de pre\u0219edinte a fost rela\u021bia Rom\u00e2niei cu Fran\u021ba, care include prezen\u021ba solda\u021bilor francezi pe teritoriul na\u021bional. Nicu\u0219or Dan a remarcat c\u0103 aceast\u0103 colaborare se dezvolt\u0103 \u00eentr-un context de securitate complex, ad\u0103ug\u00e2nd: <strong>\u201eAvem solda\u021bi francezi \u00een Rom\u00e2nia \u0219i suntem recunosc\u0103tori pentru asta\u201d<\/strong>. El a subliniat c\u0103, \u00een cazul unor evenimente excep\u021bionale care dep\u0103\u0219esc sfera militar\u0103, detalii suplimentare vor fi comunicate public.<\/p>\n<p>\u00cen cursul acelea\u0219i zile, \u00een cadrul unei conferin\u021be de pres\u0103 comune cu omologul s\u0103u polonez, Karol Nawrocki, Nicu\u0219or Dan a fost \u00eentrebat despre pozi\u021bia sa referitoare la propunerea pre\u0219edintelui francez, Emmanuel Macron, de a implica Rom\u00e2nia \u00een \u201eumbrela nuclear\u0103\u201d. Pre\u0219edintele a r\u0103spuns: <strong>\u201eRom\u00e2nia, ca toate \u021b\u0103rile NATO, este sub umbrela nuclear\u0103 a NATO, oferit\u0103 de Statele Unite\u201d<\/strong>. El a completat c\u0103, \u00een calitate de membr\u0103 NATO, Rom\u00e2nia particip\u0103 la deciziile \u0219i programele cu component\u0103 nuclear\u0103 derulate \u00een cadrul Alian\u021bei, reafirm\u00e2nd astfel c\u0103 \u021bara noastr\u0103 este bine protejat\u0103 sub aceast\u0103 umbrel\u0103 nuclear\u0103.<\/p>\n","protected":false},"excerpt":{"rendered":"<p>\u00cen cadrul unei conferin\u021be de pres\u0103 desf\u0103\u0219urate joi seara la Ambasada Rom\u00e2niei din Var\u0219ovia, pre\u0219edintele Nicu\u0219or Dan a subliniat c\u0103 Rom\u00e2nia beneficiaz\u0103 de protec\u021bia umbrelei nucleare a NATO, asigurat\u0103 de Statele Unite. El a declarat clar c\u0103 \u201ea fi protejat\u0103 de umbrela nuclear\u0103 NATO nu presupune prezen\u021ba unor elemente de natur\u0103 nuclear\u0103 pe teritoriul Rom\u00e2niei\u201d. [&hellip;]<\/p>\n","protected":false},"author":2,"featured_media":6814,"comment_status":"open","ping_status":"open","sticky":false,"template":"","format":"standard","meta":{"jnews-multi-image_gallery":[],"jnews_single_post":[],"jnews_primary_category":[],"jnews_override_counter":[],"footnotes":""},"categories":[42],"tags":[297,352,286,149,874,9712,5025,5915],"class_list":["post-6813","post","type-post","status-publish","format-standard","has-post-thumbnail","hentry","category-politica","tag-colaborare","tag-nato","tag-nicusor-dan","tag-romania","tag-securitate","tag-soldati-francezi","tag-umbrela-nucleara","tag-varsovia"],"_links":{"self":[{"href":"https:\/\/www.newsrecorder.ro\/app\/wp-json\/wp\/v2\/posts\/6813","targetHints":{"allow":["GET"]}}],"collection":[{"href":"https:\/\/www.newsrecorder.ro\/app\/wp-json\/wp\/v2\/posts"}],"about":[{"href":"https:\/\/www.newsrecorder.ro\/app\/wp-json\/wp\/v2\/types\/post"}],"author":[{"embeddable":true,"href":"https:\/\/www.newsrecorder.ro\/app\/wp-json\/wp\/v2\/users\/2"}],"replies":[{"embeddable":true,"href":"https:\/\/www.newsrecorder.ro\/app\/wp-json\/wp\/v2\/comments?post=6813"}],"version-history":[{"count":0,"href":"https:\/\/www.newsrecorder.ro\/app\/wp-json\/wp\/v2\/posts\/6813\/revisions"}],"wp:featuredmedia":[{"embeddable":true,"href":"https:\/\/www.newsrecorder.ro\/app\/wp-json\/wp\/v2\/media\/6814"}],"wp:attachment":[{"href":"https:\/\/www.newsrecorder.ro\/app\/wp-json\/wp\/v2\/media?parent=6813"}],"wp:term":[{"taxonomy":"category","embeddable":true,"href":"https:\/\/www.newsrecorder.ro\/app\/wp-json\/wp\/v2\/categories?post=6813"},{"taxonomy":"post_tag","embeddable":true,"href":"https:\/\/www.newsrecorder.ro\/app\/wp-json\/wp\/v2\/tags?post=6813"}],"curies":[{"name":"wp","href":"https:\/\/api.w.org\/{rel}","templated":true}]}}