{"id":6823,"date":"2026-03-06T03:09:25","date_gmt":"2026-03-06T03:09:25","guid":{"rendered":"https:\/\/www.newsrecorder.ro\/app\/2026\/03\/06\/criza-in-aer-zboruri-franceze-si-israeliene-deviate-de-rachete\/"},"modified":"2026-03-06T03:09:25","modified_gmt":"2026-03-06T03:09:25","slug":"criza-in-aer-zboruri-franceze-si-israeliene-deviate-de-rachete","status":"publish","type":"post","link":"https:\/\/www.newsrecorder.ro\/app\/2026\/03\/06\/criza-in-aer-zboruri-franceze-si-israeliene-deviate-de-rachete\/","title":{"rendered":"Criz\u0103 \u00een aer: Zboruri franceze \u0219i israeliene deviate de rachete!"},"content":{"rendered":"<p>Un zbor charter operat de Air France, organizat de guvernul francez pentru a repatria cet\u0103\u021benii francezi din Emiratele Arabe Unite, a fost nevoit s\u0103 se \u00eentoarc\u0103 joi din cauza tirurilor de rachete \u00een zon\u0103, conform declara\u021biilor ministrului Transporturilor, Philippe Tabarot, citate de <a href=\"https:\/\/www.timesofisrael.com\/liveblog_entry\/flight-to-bring-french-nationals-from-uae-forced-back-minister-says\/\">The Times of Israel<\/a>.<\/p>\n<p>\u201eAceast\u0103 situa\u021bie reflect\u0103 instabilitatea din regiune \u0219i complexitatea opera\u021biunilor de repatriere\u201d, a ad\u0103ugat Tabarot, subliniind dificult\u0103\u021bile cu care se confrunt\u0103 autorit\u0103\u021bile \u00een contextul actual.<\/p>\n<p>Repatrierea cet\u0103\u021benilor a \u00eenceput miercuri, \u00een timp ce guvernele din \u00eentreaga lume se gr\u0103besc s\u0103 aduc\u0103 acas\u0103 zeci de mii de cet\u0103\u021beni bloca\u021bi din cauza escalad\u0103rii conflictului dintre SUA, Israel \u0219i Iran.<\/p>\n<p>Tot joi, pasagerii unui zbor de la aeroportul Ben Gurion din Israel au fost evacua\u021bi dup\u0103 ce sirenele au \u00eenceput s\u0103 sune, \u00een urma unui baraj de rachete iraniene. M\u0103surile de urgen\u021b\u0103 au fost activate pe aeroportul interna\u021bional principal al Israelului, \u00een contextul tensiunilor crescute dintre cele dou\u0103 na\u021biuni.<\/p>\n<p>\u00centr-o alt\u0103 dezvoltare, compania aerian\u0103 israelian\u0103 El Al a anun\u021bat luni, 2 martie, c\u0103 se preg\u0103te\u0219te s\u0103 opereze zboruri din 22 de destina\u021bii din Europa, SUA \u0219i Asia, pentru a repatria zeci de mii de israelieni bloca\u021bi \u00een str\u0103in\u0103tate, odat\u0103 ce spa\u021biul aerian al \u021b\u0103rii va fi redeschis treptat s\u0103pt\u0103m\u00e2na viitoare, conform <a href=\"https:\/\/www.timesofisrael.com\/el-al-readies-rescue-flights-as-israel-set-to-gradually-reopen-airspace-next-week\/\">The Times of Israel<\/a>.<\/p>\n<p>Ministrul Transporturilor israelian, Miri Regev, a precizat c\u0103 autorit\u0103\u021bile aviatice lucreaz\u0103 la redeschiderea treptat\u0103 a spa\u021biului aerian, \u021bin\u00e2nd cont de evolu\u021biile de securitate. \u201eL-am \u00eens\u0103rcinat pe \u0219eful Autorit\u0103\u021bii Avia\u021biei Civile, Shmuel Zakay, s\u0103 se \u00eent\u00e2lneasc\u0103 cu companiile aeriene israeliene, astfel \u00eenc\u00e2t acestea s\u0103 fie preg\u0103tite pentru deschiderea cerului \u00een mod e\u0219alonat \u00eencep\u00e2nd de s\u0103pt\u0103m\u00e2na viitoare. Toate aceste m\u0103suri vor fi implementate \u00een conformitate cu evolu\u021biile din domeniul securit\u0103\u021bii\u201d, a declarat Miri Regev.<\/p>\n<p>Aeroportul Ben Gurion din Tel Aviv, principala poart\u0103 interna\u021bional\u0103 a Israelului, a fost \u00eenchis pentru plec\u0103ri \u0219i sosiri \u00eencep\u00e2nd de s\u00e2mb\u0103t\u0103, dup\u0103 ce Israelul \u0219i SUA au lansat un atac militar major asupra Iranului, provoc\u00e2nd un r\u0103spuns sub form\u0103 de tiruri de rachete din partea Republicii Islamice. Aceast\u0103 \u00eenchidere a l\u0103sat peste 150.000 de israelieni bloca\u021bi \u00een \u00eentreaga lume.<\/p>\n<p>Odat\u0103 cu redeschiderea treptat\u0103 a spa\u021biului aerian, El Al pl\u0103nuie\u0219te s\u0103 aduc\u0103 cet\u0103\u021beni israelieni din ora\u0219e precum New York, Miami \u0219i Los Angeles, din SUA, \u0219i din Bangkok \u0219i Phuket, din Asia de Sud-Est. De asemenea, \u00een Europa, zborurile vor fi operate din destina\u021bii precum Larnaca, Atena, Roma, Milano, Paris, Budapesta, Tbilisi, Sofia, Var\u0219ovia, Bucure\u0219ti, Madrid, Londra, Barcelona, Geneva, Amsterdam, M\u00fcnchen \u0219i Zurich.<\/p>\n","protected":false},"excerpt":{"rendered":"<p>Un zbor charter operat de Air France, organizat de guvernul francez pentru a repatria cet\u0103\u021benii francezi din Emiratele Arabe Unite, a fost nevoit s\u0103 se \u00eentoarc\u0103 joi din cauza tirurilor de rachete \u00een zon\u0103, conform declara\u021biilor ministrului Transporturilor, Philippe Tabarot, citate de The Times of Israel. \u201eAceast\u0103 situa\u021bie reflect\u0103 instabilitatea din regiune \u0219i complexitatea opera\u021biunilor [&hellip;]<\/p>\n","protected":false},"author":2,"featured_media":6824,"comment_status":"open","ping_status":"open","sticky":false,"template":"","format":"standard","meta":{"jnews-multi-image_gallery":[],"jnews_single_post":[],"jnews_primary_category":[],"jnews_override_counter":[],"footnotes":""},"categories":[41],"tags":[9716,684,5492,5893,8714,9717,8735,9467],"class_list":["post-6823","post","type-post","status-publish","format-standard","has-post-thumbnail","hentry","category-externe","tag-cetateni-francezi","tag-conflict","tag-emiratele-arabe-unite","tag-instabilitate","tag-masuri-de-urgenta","tag-rachete-iraniene","tag-repatriere","tag-zbor-charter"],"_links":{"self":[{"href":"https:\/\/www.newsrecorder.ro\/app\/wp-json\/wp\/v2\/posts\/6823","targetHints":{"allow":["GET"]}}],"collection":[{"href":"https:\/\/www.newsrecorder.ro\/app\/wp-json\/wp\/v2\/posts"}],"about":[{"href":"https:\/\/www.newsrecorder.ro\/app\/wp-json\/wp\/v2\/types\/post"}],"author":[{"embeddable":true,"href":"https:\/\/www.newsrecorder.ro\/app\/wp-json\/wp\/v2\/users\/2"}],"replies":[{"embeddable":true,"href":"https:\/\/www.newsrecorder.ro\/app\/wp-json\/wp\/v2\/comments?post=6823"}],"version-history":[{"count":0,"href":"https:\/\/www.newsrecorder.ro\/app\/wp-json\/wp\/v2\/posts\/6823\/revisions"}],"wp:featuredmedia":[{"embeddable":true,"href":"https:\/\/www.newsrecorder.ro\/app\/wp-json\/wp\/v2\/media\/6824"}],"wp:attachment":[{"href":"https:\/\/www.newsrecorder.ro\/app\/wp-json\/wp\/v2\/media?parent=6823"}],"wp:term":[{"taxonomy":"category","embeddable":true,"href":"https:\/\/www.newsrecorder.ro\/app\/wp-json\/wp\/v2\/categories?post=6823"},{"taxonomy":"post_tag","embeddable":true,"href":"https:\/\/www.newsrecorder.ro\/app\/wp-json\/wp\/v2\/tags?post=6823"}],"curies":[{"name":"wp","href":"https:\/\/api.w.org\/{rel}","templated":true}]}}