{"id":6837,"date":"2026-03-06T03:12:19","date_gmt":"2026-03-06T03:12:19","guid":{"rendered":"https:\/\/www.newsrecorder.ro\/app\/2026\/03\/06\/hegseth-iranienii-trebuie-sa-astepte-momentul-potrivit-pentru-a-actiona\/"},"modified":"2026-03-06T03:12:19","modified_gmt":"2026-03-06T03:12:19","slug":"hegseth-iranienii-trebuie-sa-astepte-momentul-potrivit-pentru-a-actiona","status":"publish","type":"post","link":"https:\/\/www.newsrecorder.ro\/app\/2026\/03\/06\/hegseth-iranienii-trebuie-sa-astepte-momentul-potrivit-pentru-a-actiona\/","title":{"rendered":"Hegseth: Iranienii trebuie s\u0103 a\u0219tepte momentul potrivit pentru a ac\u021biona!"},"content":{"rendered":"<p>\u00centr-o declara\u021bie recent\u0103, Secretarul Ap\u0103r\u0103rii al Statelor Unite, Pete Hegseth, a subliniat c\u0103 iranienii nu ar trebui s\u0103 ias\u0103 la proteste \u00een timpul campaniei militare desf\u0103\u0219urate de SUA \u0219i Israel \u00eempotriva regimului de la Teheran, conform unui raport CNN.<\/p>\n<p>\u00cen cadrul unei conferin\u021be de pres\u0103, Hegseth a men\u021bionat c\u0103 \u201eva veni un moment\u201d \u00een care pre\u0219edintele Donald Trump sau poporul iranian vor decide c\u0103 este oportun s\u0103 profite de circumstan\u021bele actuale pentru a se revolta \u00eempotriva autorit\u0103\u021bilor. \u201eNimeni nu a f\u0103cut mai mult dec\u00e2t pre\u0219edintele Trump pentru a redeschide oportunitatea celor care doresc un Iran liber de a face acest lucru\u201d, a afirmat el, vorbind de la sediul Comandamentului Central al SUA din Florida.<\/p>\n<p>Hegseth a subliniat c\u0103 este de bun sim\u021b ca iranienii s\u0103 nu protesteze \u00een timp ce bombelor cad asupra Teheranului \u0219i altor ora\u0219e. \u201eVa veni un moment \u00een care el va decide, sau ei vor decide, c\u0103 este timpul s\u0103 profite de acest avantaj\u201d, a ad\u0103ugat el.<\/p>\n<p>\u00cen continuare, Hegseth a eviden\u021biat impactul ac\u021biunilor armatei americane \u0219i israeliene, care vizeaz\u0103 lideri \u0219i grupuri responsabile pentru atacuri asupra civililor. \u201eCu c\u00e2t ac\u021bionezi mai mult \u00een acest mod \u0219i erodezi voin\u021ba \u0219i capacit\u0103\u021bile lor, cu at\u00e2t creezi mai multe oportunit\u0103\u021bi pentru ca oamenii s\u0103 se ridice cu \u00eendr\u0103zneal\u0103\u201d, a spus el.<\/p>\n<p>Amiralul Brad Cooper, comandantul Comandamentului Central al SUA, a sus\u021binut mesajul lui Hegseth \u0219i a pre\u0219edintelui Trump, subliniind c\u0103 poporul iranian ar trebui s\u0103 r\u0103m\u00e2n\u0103 vigilent \u0219i s\u0103 nu se expun\u0103 riscurilor. \u201eSe apropie o mul\u021bime de capacit\u0103\u021bi americane \u0219i israeliene, atingem multe \u021binte, iar cel mai bun lucru pe care \u00eel pot face acum este s\u0103 stea discre\u021bi\u201d, a declarat Cooper.<\/p>\n<p><strong>Hegseth: \u201eF\u0103r\u0103 extindere\u201d a obiectivelor de r\u0103zboi, Trump are \u201eun cuv\u00e2nt de spus \u00een ceea ce prive\u0219te cine conduce Iranul\u201d<\/strong><\/p>\n<p>Pete Hegseth a clarificat c\u0103 Statele Unite nu \u00ee\u0219i extind obiectivele militare \u00een Iran, \u00een ciuda declara\u021biilor pre\u0219edintelui Donald Trump, care a afirmat c\u0103 SUA ar trebui s\u0103 joace un rol \u00een alegerea viitorului lider al Iranului. Conform Pentagonului, Opera\u021biunea Epic Fury se concentreaz\u0103 pe distrugerea rachetelor ofensive, a infrastructurii de produc\u021bie a rachetelor \u0219i a Marinei Iranului, av\u00e2nd ca scop prevenirea ob\u021binerii unei arme nucleare de c\u0103tre Teheran.<\/p>\n<p>\u201eNu exist\u0103 nicio extindere a obiectivelor noastre. \u0218tim exact ce \u00eencerc\u0103m s\u0103 realiz\u0103m\u201d, a declarat Hegseth. El a subliniat c\u0103 pre\u0219edintele Trump \u201eare un cuv\u00e2nt de spus \u00een ceea ce prive\u0219te cine conduce Iranul, av\u00e2nd \u00een vedere opera\u021biunea \u00een curs\u201d.<\/p>\n","protected":false},"excerpt":{"rendered":"<p>\u00centr-o declara\u021bie recent\u0103, Secretarul Ap\u0103r\u0103rii al Statelor Unite, Pete Hegseth, a subliniat c\u0103 iranienii nu ar trebui s\u0103 ias\u0103 la proteste \u00een timpul campaniei militare desf\u0103\u0219urate de SUA \u0219i Israel \u00eempotriva regimului de la Teheran, conform unui raport CNN. \u00cen cadrul unei conferin\u021be de pres\u0103, Hegseth a men\u021bionat c\u0103 \u201eva veni un moment\u201d \u00een care [&hellip;]<\/p>\n","protected":false},"author":2,"featured_media":6838,"comment_status":"open","ping_status":"open","sticky":false,"template":"","format":"standard","meta":{"jnews-multi-image_gallery":[],"jnews_single_post":[],"jnews_primary_category":[],"jnews_override_counter":[],"footnotes":""},"categories":[41],"tags":[2136,5045,31,913,762,7458,1035,4804],"class_list":["post-6837","post","type-post","status-publish","format-standard","has-post-thumbnail","hentry","category-externe","tag-autoritati","tag-campanie-militara","tag-jnews_demo_donald-trump","tag-iran","tag-oportunitate","tag-pete-hegseth","tag-proteste","tag-teheran"],"_links":{"self":[{"href":"https:\/\/www.newsrecorder.ro\/app\/wp-json\/wp\/v2\/posts\/6837","targetHints":{"allow":["GET"]}}],"collection":[{"href":"https:\/\/www.newsrecorder.ro\/app\/wp-json\/wp\/v2\/posts"}],"about":[{"href":"https:\/\/www.newsrecorder.ro\/app\/wp-json\/wp\/v2\/types\/post"}],"author":[{"embeddable":true,"href":"https:\/\/www.newsrecorder.ro\/app\/wp-json\/wp\/v2\/users\/2"}],"replies":[{"embeddable":true,"href":"https:\/\/www.newsrecorder.ro\/app\/wp-json\/wp\/v2\/comments?post=6837"}],"version-history":[{"count":0,"href":"https:\/\/www.newsrecorder.ro\/app\/wp-json\/wp\/v2\/posts\/6837\/revisions"}],"wp:featuredmedia":[{"embeddable":true,"href":"https:\/\/www.newsrecorder.ro\/app\/wp-json\/wp\/v2\/media\/6838"}],"wp:attachment":[{"href":"https:\/\/www.newsrecorder.ro\/app\/wp-json\/wp\/v2\/media?parent=6837"}],"wp:term":[{"taxonomy":"category","embeddable":true,"href":"https:\/\/www.newsrecorder.ro\/app\/wp-json\/wp\/v2\/categories?post=6837"},{"taxonomy":"post_tag","embeddable":true,"href":"https:\/\/www.newsrecorder.ro\/app\/wp-json\/wp\/v2\/tags?post=6837"}],"curies":[{"name":"wp","href":"https:\/\/api.w.org\/{rel}","templated":true}]}}