{"id":6839,"date":"2026-03-06T03:12:38","date_gmt":"2026-03-06T03:12:38","guid":{"rendered":"https:\/\/www.newsrecorder.ro\/app\/2026\/03\/06\/pete-hegseth-iranul-subestimeaza-determinarea-sua-in-atacuri\/"},"modified":"2026-03-06T03:12:38","modified_gmt":"2026-03-06T03:12:38","slug":"pete-hegseth-iranul-subestimeaza-determinarea-sua-in-atacuri","status":"publish","type":"post","link":"https:\/\/www.newsrecorder.ro\/app\/2026\/03\/06\/pete-hegseth-iranul-subestimeaza-determinarea-sua-in-atacuri\/","title":{"rendered":"Pete Hegseth: Iranul subestimeaz\u0103 determinarea SUA \u00een atacuri!"},"content":{"rendered":"<p>\u00centr-o declara\u021bie recent\u0103, Secretarul american al Ap\u0103r\u0103rii, Pete Hegseth, a subliniat c\u0103 Statele Unite nu inten\u021bioneaz\u0103 s\u0103 \u00eencetineasc\u0103 opera\u021biunile militare \u00eempotriva Iranului, conform informa\u021biilor furnizate de <a href=\"https:\/\/edition.cnn.com\/world\/live-news\/iran-war-us-israel-trump-03-05-26?t=1772749306699\">CNN<\/a> \u0219i <a href=\"https:\/\/news.sky.com\/story\/iran-latest-trump-tehran-israel-strikes-us-drone-live-sky-news-13509565\">Sky News<\/a>.<\/p>\n<p>\u00cen cadrul unei conferin\u021be de pres\u0103 organizate la sediul Comandamentului Central al SUA, Hegseth a afirmat c\u0103 Statele Unite sunt hot\u0103r\u00e2te s\u0103 continue ofensiva, ad\u0103ug\u00e2nd c\u0103 liderii iranieni fac o gre\u0219eal\u0103 grav\u0103 dac\u0103 se a\u0219teapt\u0103 la o reducere a ac\u021biunilor militare americane.<\/p>\n<p>Aceste declara\u021bii au fost f\u0103cute \u00eentr-un context \u00een care Hegseth a eviden\u021biat determinarea american\u0103, chiar \u0219i \u00een urma pierderii a \u0219ase militari \u00eentr-un atac recent. \u201eIranul sper\u0103 c\u0103 nu putem sus\u021bine acest lucru, ceea ce este o gre\u0219eal\u0103 de calcul foarte grav\u0103 pentru IRGC din Iran\u201d, a declarat el.<\/p>\n<p>Secretarul Ap\u0103r\u0103rii a adus un omagiu celor \u0219ase militari c\u0103zu\u021bi, subliniind c\u0103 \u201ene amintim \u0219i ne onor\u0103m pe cei \u0219ase c\u0103zu\u021bi, care au dat totul pentru \u021bara lor \u0219i pentru aceast\u0103 misiune. Ne amintim de ei prin rededicarea noastr\u0103 \u0219i mai fervent acestei misiuni.\u201d<\/p>\n<p>Armata american\u0103 a confirmat identitatea celor \u0219ase militari care au murit duminic\u0103 \u00eentr-un atac cu drone asupra unei baze militare din Kuweit, ace\u0219tia f\u0103c\u00e2nd parte dintr-o unitate de sprijin logistic a Rezervei Armatei din statul Iowa.<\/p>\n<p>Hegseth a men\u021bionat c\u0103 opera\u021biunea militar\u0103 \u00eempotriva Iranului se desf\u0103\u0219oar\u0103 conform planului stabilit de Pentagon, subliniind c\u0103 ofensiva este departe de a fi finalizat\u0103 \u0219i c\u0103 armata american\u0103 dispune de resursele necesare pentru a continua conflictul.<\/p>\n<p>El a accentuat c\u0103 Iranul subestimeaz\u0103 capacitatea Statelor Unite de a sus\u021bine o confruntare militar\u0103 pe termen lung, afirm\u00e2nd c\u0103 for\u021bele americane au suficiente muni\u021bii \u0219i echipamente pentru a continua atacurile. \u201eCalendarul nostru este al nostru \u0219i numai al nostru\u201d, a ad\u0103ugat Hegseth.<\/p>\n<p>\u00cen \u00eencheiere, el a subliniat c\u0103 opera\u021biunea militar\u0103 se afl\u0103 \u00eenc\u0103 \u00eentr-o faz\u0103 timpurie, afirm\u00e2nd c\u0103 Statele Unite \u201eabia \u00eencepuser\u0103 s\u0103 lupte \u0219i s\u0103 lupte decisiv\u201d.<\/p>\n","protected":false},"excerpt":{"rendered":"<p>\u00centr-o declara\u021bie recent\u0103, Secretarul american al Ap\u0103r\u0103rii, Pete Hegseth, a subliniat c\u0103 Statele Unite nu inten\u021bioneaz\u0103 s\u0103 \u00eencetineasc\u0103 opera\u021biunile militare \u00eempotriva Iranului, conform informa\u021biilor furnizate de CNN \u0219i Sky News. \u00cen cadrul unei conferin\u021be de pres\u0103 organizate la sediul Comandamentului Central al SUA, Hegseth a afirmat c\u0103 Statele Unite sunt hot\u0103r\u00e2te s\u0103 continue ofensiva, ad\u0103ug\u00e2nd [&hellip;]<\/p>\n","protected":false},"author":2,"featured_media":6840,"comment_status":"open","ping_status":"open","sticky":false,"template":"","format":"standard","meta":{"jnews-multi-image_gallery":[],"jnews_single_post":[],"jnews_primary_category":[],"jnews_override_counter":[],"footnotes":""},"categories":[41],"tags":[409,678,913,8599,9727,8598,7458,680],"class_list":["post-6839","post","type-post","status-publish","format-standard","has-post-thumbnail","hentry","category-externe","tag-aparare","tag-conferinta-de-presa","tag-iran","tag-irgc","tag-ofensive","tag-operatiuni-militare","tag-pete-hegseth","tag-statele-unite"],"_links":{"self":[{"href":"https:\/\/www.newsrecorder.ro\/app\/wp-json\/wp\/v2\/posts\/6839","targetHints":{"allow":["GET"]}}],"collection":[{"href":"https:\/\/www.newsrecorder.ro\/app\/wp-json\/wp\/v2\/posts"}],"about":[{"href":"https:\/\/www.newsrecorder.ro\/app\/wp-json\/wp\/v2\/types\/post"}],"author":[{"embeddable":true,"href":"https:\/\/www.newsrecorder.ro\/app\/wp-json\/wp\/v2\/users\/2"}],"replies":[{"embeddable":true,"href":"https:\/\/www.newsrecorder.ro\/app\/wp-json\/wp\/v2\/comments?post=6839"}],"version-history":[{"count":0,"href":"https:\/\/www.newsrecorder.ro\/app\/wp-json\/wp\/v2\/posts\/6839\/revisions"}],"wp:featuredmedia":[{"embeddable":true,"href":"https:\/\/www.newsrecorder.ro\/app\/wp-json\/wp\/v2\/media\/6840"}],"wp:attachment":[{"href":"https:\/\/www.newsrecorder.ro\/app\/wp-json\/wp\/v2\/media?parent=6839"}],"wp:term":[{"taxonomy":"category","embeddable":true,"href":"https:\/\/www.newsrecorder.ro\/app\/wp-json\/wp\/v2\/categories?post=6839"},{"taxonomy":"post_tag","embeddable":true,"href":"https:\/\/www.newsrecorder.ro\/app\/wp-json\/wp\/v2\/tags?post=6839"}],"curies":[{"name":"wp","href":"https:\/\/api.w.org\/{rel}","templated":true}]}}