{"id":6849,"date":"2026-03-06T05:43:03","date_gmt":"2026-03-06T05:43:03","guid":{"rendered":"https:\/\/www.newsrecorder.ro\/app\/2026\/03\/06\/razboiul-din-iran-impactul-surprinzator-asupra-sportului-international\/"},"modified":"2026-03-06T05:43:03","modified_gmt":"2026-03-06T05:43:03","slug":"razboiul-din-iran-impactul-surprinzator-asupra-sportului-international","status":"publish","type":"post","link":"https:\/\/www.newsrecorder.ro\/app\/2026\/03\/06\/razboiul-din-iran-impactul-surprinzator-asupra-sportului-international\/","title":{"rendered":"R\u0103zboiul din Iran: Impactul surprinz\u0103tor asupra sportului interna\u021bional"},"content":{"rendered":"<p>\u00cen ultimele zece ani, \u021b\u0103rile din Golful Persic au realizat investi\u021bii semnificative \u00een domeniul sportiv, transform\u00e2nd regiunea \u00eentr-un pol de atrac\u021bie pentru competi\u021bii interna\u021bionale de mare amploare. Qatar a fost gazda Cupei Mondiale de fotbal din 2022 \u0219i de\u021bine clubul Paris Saint-Germain, recent c\u00e2\u0219tig\u0103tor al Ligii Campionilor. De asemenea, Arabia Saudit\u0103 a reu\u0219it s\u0103 dezvolte unul dintre cele mai bogate campionate de fotbal din lume \u0219i organizeaz\u0103 evenimente sportive de renume, inclusiv renumitul raliu Rally Dakar, conform unui articol publicat de <a href=\"https:\/\/www.ilpost.it\/2026\/03\/05\/guerra-iran-sport-golfo-formula-1-calcio-tennis\/\" target=\"_blank\" rel=\"noopener\">Il Post<\/a>.<\/p>\n<p>Emiratele Arabe Unite contribuie de asemenea la aceast\u0103 tendin\u021b\u0103, organiz\u00e2nd turnee importante de tenis \u0219i fiind gazda unui Mare Premiu de Formula 1, similar cu Qatarul \u0219i Arabia Saudit\u0103.<\/p>\n<p>\u00cens\u0103, conflictul din regiune a \u00eenceput s\u0103 aib\u0103 un impact semnificativ asupra calendarului sportiv. De exemplu, stadionul Lusail din Qatar este programat s\u0103 g\u0103zduiasc\u0103 pe 27 martie Finalissima, un meci \u00eentre campioana Europei \u0219i cea a Americii de Sud.<\/p>\n<p>Aceast\u0103 competi\u021bie face parte dintr-un festival fotbalistic mai amplu organizat \u00een Qatar, dar situa\u021bia de securitate \u00een curs de desf\u0103\u0219urare ridic\u0103 semne de \u00eentrebare asupra desf\u0103\u0219ur\u0103rii evenimentului.<\/p>\n<p>\u00cen plus, mai multe competi\u021bii sportive din Orientul Mijlociu au fost suspendate, inclusiv campionatele de fotbal din Iran, Qatar \u0219i Israel. De asemenea, meciuri din EuroLeague Basketball \u0219i Liga Campionilor Asiatice au fost am\u00e2nate.<\/p>\n<p>Aceste evenimente complic\u0103, de asemenea, preg\u0103tirile pentru FIFA World Cup 2026, care va avea loc \u00een Statele Unite, Canada \u0219i Mexic. Iranul a ob\u021binut deja calificarea la turneul final. Totu\u0219i, oficialii federa\u021biei iraniene au sugerat c\u0103 participarea ar putea deveni problematic\u0103 din cauza situa\u021biei conflictuale. \u00cen cazul \u00een care Iranul s-ar retrage, locul s\u0103u ar putea fi ocupat de o alt\u0103 echip\u0103 asiatic\u0103, cum ar fi Emiratele Arabe Unite sau Irak, \u00een func\u021bie de rezultatele calific\u0103rilor.<\/p>\n<p>Sportul tenis este deja afectat de aceast\u0103 situa\u021bie, iar dup\u0103 turneul Dubai Championships, mai mul\u021bi juc\u0103tori au fost nevoi\u021bi s\u0103 p\u0103r\u0103seasc\u0103 Emiratele Arabe Unite pe cale terestr\u0103, travers\u00e2nd grani\u021ba spre Oman \u00eenainte de a putea continua c\u0103l\u0103toria spre alte destina\u021bii.<\/p>\n<p>\u00cen acela\u0219i timp, programul sezonului de Formula 1 se afl\u0103 sub o amenin\u021bare similar\u0103. Marele Premiu din Bahrain \u0219i cel din Arabia Saudit\u0103 sunt programate pentru luna aprilie, iar desf\u0103\u0219urarea acestora depinde \u00een mare m\u0103sur\u0103 de evolu\u021bia situa\u021biei de securitate din regiune.<\/p>\n<p>Unii sportivi au fost nevoi\u021bi s\u0103 se retrag\u0103 din zonele afectate de conflict. De exemplu, fotbalistul Munir El Haddadi, care activa la un club din Teheran, a fost transportat cu ma\u0219ina p\u00e2n\u0103 la grani\u021ba cu Turcia, \u00eentr-o c\u0103l\u0103torie de aproximativ 2.000 de kilometri, pentru a putea reveni \u00een Europa.<\/p>\n<p>\u00cen plus, sportul continu\u0103 s\u0103 fie o scen\u0103 pentru mesaje simbolice. La un turneu feminin de fotbal din Australia, <a href=\"https:\/\/www.mediafax.ro\/sport\/nationala-feminina-a-iranului-a-refuzat-sa-cante-imnul-inaintea-meciului-din-cupa-asiei-23696331\" target=\"_blank\" rel=\"noopener\">juc\u0103toarele na\u021bionalei Iranului au refuzat s\u0103 c\u00e2nte imnul na\u021bional<\/a>, gest care a fost interpretat de unii ca o form\u0103 de protest sau doliu \u00een lumina conflictului actual.<\/p>\n","protected":false},"excerpt":{"rendered":"<p>\u00cen ultimele zece ani, \u021b\u0103rile din Golful Persic au realizat investi\u021bii semnificative \u00een domeniul sportiv, transform\u00e2nd regiunea \u00eentr-un pol de atrac\u021bie pentru competi\u021bii interna\u021bionale de mare amploare. Qatar a fost gazda Cupei Mondiale de fotbal din 2022 \u0219i de\u021bine clubul Paris Saint-Germain, recent c\u00e2\u0219tig\u0103tor al Ligii Campionilor. De asemenea, Arabia Saudit\u0103 a reu\u0219it s\u0103 dezvolte [&hellip;]<\/p>\n","protected":false},"author":2,"featured_media":6850,"comment_status":"open","ping_status":"open","sticky":false,"template":"","format":"standard","meta":{"jnews-multi-image_gallery":[],"jnews_single_post":[],"jnews_primary_category":[],"jnews_override_counter":[],"footnotes":""},"categories":[39],"tags":[2839,6164,9738,2526,89,9736,9737,8626],"class_list":["post-6849","post","type-post","status-publish","format-standard","has-post-thumbnail","hentry","category-stirile-zilei","tag-arabia-saudita","tag-competitie-internationala","tag-emiratle-arabe-unite","tag-evenimente-sportive","tag-fotbal","tag-golf-persic","tag-investitii-sportive","tag-qatar"],"_links":{"self":[{"href":"https:\/\/www.newsrecorder.ro\/app\/wp-json\/wp\/v2\/posts\/6849","targetHints":{"allow":["GET"]}}],"collection":[{"href":"https:\/\/www.newsrecorder.ro\/app\/wp-json\/wp\/v2\/posts"}],"about":[{"href":"https:\/\/www.newsrecorder.ro\/app\/wp-json\/wp\/v2\/types\/post"}],"author":[{"embeddable":true,"href":"https:\/\/www.newsrecorder.ro\/app\/wp-json\/wp\/v2\/users\/2"}],"replies":[{"embeddable":true,"href":"https:\/\/www.newsrecorder.ro\/app\/wp-json\/wp\/v2\/comments?post=6849"}],"version-history":[{"count":0,"href":"https:\/\/www.newsrecorder.ro\/app\/wp-json\/wp\/v2\/posts\/6849\/revisions"}],"wp:featuredmedia":[{"embeddable":true,"href":"https:\/\/www.newsrecorder.ro\/app\/wp-json\/wp\/v2\/media\/6850"}],"wp:attachment":[{"href":"https:\/\/www.newsrecorder.ro\/app\/wp-json\/wp\/v2\/media?parent=6849"}],"wp:term":[{"taxonomy":"category","embeddable":true,"href":"https:\/\/www.newsrecorder.ro\/app\/wp-json\/wp\/v2\/categories?post=6849"},{"taxonomy":"post_tag","embeddable":true,"href":"https:\/\/www.newsrecorder.ro\/app\/wp-json\/wp\/v2\/tags?post=6849"}],"curies":[{"name":"wp","href":"https:\/\/api.w.org\/{rel}","templated":true}]}}