{"id":6873,"date":"2026-03-06T14:43:13","date_gmt":"2026-03-06T14:43:13","guid":{"rendered":"https:\/\/www.newsrecorder.ro\/app\/2026\/03\/06\/alerta-ue-confirma-importuri-de-carne-cu-hormoni-cancerigeni-din-mercosur\/"},"modified":"2026-03-06T14:43:13","modified_gmt":"2026-03-06T14:43:13","slug":"alerta-ue-confirma-importuri-de-carne-cu-hormoni-cancerigeni-din-mercosur","status":"publish","type":"post","link":"https:\/\/www.newsrecorder.ro\/app\/2026\/03\/06\/alerta-ue-confirma-importuri-de-carne-cu-hormoni-cancerigeni-din-mercosur\/","title":{"rendered":"\u201eAlert\u0103: UE confirm\u0103 importuri de carne cu hormoni cancerigeni din Mercosur!\u201d"},"content":{"rendered":"<p>Recent, un hormon folosit \u00een \u00eengr\u0103\u0219area rapid\u0103 a animalelor, depistat de auditorii europeni \u00een carnea provenit\u0103 din Brazilia, a st\u00e2rnit controverse \u00een Uniunea European\u0103. Acest hormon a fost interzis \u00een UE din cauza riscurilor cancerigene pe care le prezint\u0103.<\/p>\n<p>Deputatul PSD a subliniat pe re\u021belele de socializare importan\u021ba acestei probleme, expun\u00e2nd pozi\u021bia ministrului Agriculturii, Florin Barbu, care s-a opus ca Rom\u00e2nia s\u0103 voteze \u00een COREPER pentru Acordul Mercosur. \u201eAcesta a cerut garan\u021bii suplimentare tocmai pentru a preveni riscuri de acest gen. Se referea la hormonii interzi\u0219i \u00een UE, dar utiliza\u021bi \u00een statele Mercosur pentru a reduce costurile de produc\u021bie. Aceasta este o amenin\u021bare at\u00e2t pentru fermierii rom\u00e2ni, c\u00e2t \u0219i pentru consumatorii din \u00eentreaga Europ\u0103\u201d, a afirmat deputatul.<\/p>\n<p>\u00cen acela\u0219i timp, Bud\u0103i a ridicat o serie de \u00eentreb\u0103ri retorice, adres\u00e2ndu-se autorit\u0103\u021bilor: \u201eAtunci c\u00e2nd v-a\u021bi ignorat avertismentele, ce a\u021bi f\u0103cut? \u00cen afar\u0103 de a evacua copiii ne\u00eenso\u021bi\u021bi din zonele de conflict, cum r\u0103spunde\u021bi acum \u00een fa\u021ba cet\u0103\u021benilor rom\u00e2ni expu\u0219i riscurilor de a consuma carne contaminat\u0103 cu hormoni cancerigeni?\u201d<\/p>\n<p>El a continuat s\u0103 \u00ee\u0219i exprime \u00eengrijorarea fa\u021b\u0103 de fermierii rom\u00e2ni, acuz\u00e2nd autorit\u0103\u021bile c\u0103 i-au l\u0103sat vulnerabili \u00een fa\u021ba unei concuren\u021be neloiale \u0219i \u00eentreb\u00e2ndu-se dac\u0103 mai exist\u0103 o urm\u0103 de demnitate pentru a-\u0219i cere scuze pentru gre\u0219elile comise. \u201eProbabil c\u0103 nu!\u201d, a concluzionat acesta, l\u0103s\u00e2nd s\u0103 se \u00een\u021beleag\u0103 c\u0103 opinia public\u0103 a\u0219teapt\u0103 r\u0103spunsuri \u0219i responsabilitate din partea liderilor politici.<\/p>\n","protected":false},"excerpt":{"rendered":"<p>Recent, un hormon folosit \u00een \u00eengr\u0103\u0219area rapid\u0103 a animalelor, depistat de auditorii europeni \u00een carnea provenit\u0103 din Brazilia, a st\u00e2rnit controverse \u00een Uniunea European\u0103. Acest hormon a fost interzis \u00een UE din cauza riscurilor cancerigene pe care le prezint\u0103. Deputatul PSD a subliniat pe re\u021belele de socializare importan\u021ba acestei probleme, expun\u00e2nd pozi\u021bia ministrului Agriculturii, Florin [&hellip;]<\/p>\n","protected":false},"author":2,"featured_media":6874,"comment_status":"open","ping_status":"open","sticky":false,"template":"","format":"standard","meta":{"jnews-multi-image_gallery":[],"jnews_single_post":[],"jnews_primary_category":[],"jnews_override_counter":[],"footnotes":""},"categories":[42],"tags":[9766,389,9765,9767,9764,782,9768,321],"class_list":["post-6873","post","type-post","status-publish","format-standard","has-post-thumbnail","hentry","category-politica","tag-acordul-mercosur","tag-brazilia","tag-carnea","tag-fermieri","tag-hormon","tag-productie","tag-riscuri-cancerigene","tag-uniunea-europeana"],"_links":{"self":[{"href":"https:\/\/www.newsrecorder.ro\/app\/wp-json\/wp\/v2\/posts\/6873","targetHints":{"allow":["GET"]}}],"collection":[{"href":"https:\/\/www.newsrecorder.ro\/app\/wp-json\/wp\/v2\/posts"}],"about":[{"href":"https:\/\/www.newsrecorder.ro\/app\/wp-json\/wp\/v2\/types\/post"}],"author":[{"embeddable":true,"href":"https:\/\/www.newsrecorder.ro\/app\/wp-json\/wp\/v2\/users\/2"}],"replies":[{"embeddable":true,"href":"https:\/\/www.newsrecorder.ro\/app\/wp-json\/wp\/v2\/comments?post=6873"}],"version-history":[{"count":0,"href":"https:\/\/www.newsrecorder.ro\/app\/wp-json\/wp\/v2\/posts\/6873\/revisions"}],"wp:featuredmedia":[{"embeddable":true,"href":"https:\/\/www.newsrecorder.ro\/app\/wp-json\/wp\/v2\/media\/6874"}],"wp:attachment":[{"href":"https:\/\/www.newsrecorder.ro\/app\/wp-json\/wp\/v2\/media?parent=6873"}],"wp:term":[{"taxonomy":"category","embeddable":true,"href":"https:\/\/www.newsrecorder.ro\/app\/wp-json\/wp\/v2\/categories?post=6873"},{"taxonomy":"post_tag","embeddable":true,"href":"https:\/\/www.newsrecorder.ro\/app\/wp-json\/wp\/v2\/tags?post=6873"}],"curies":[{"name":"wp","href":"https:\/\/api.w.org\/{rel}","templated":true}]}}