{"id":6889,"date":"2026-03-06T17:55:49","date_gmt":"2026-03-06T17:55:49","guid":{"rendered":"https:\/\/www.newsrecorder.ro\/app\/2026\/03\/06\/trump-fara-griji-in-privinta-unei-iran-democratic\/"},"modified":"2026-03-06T17:55:49","modified_gmt":"2026-03-06T17:55:49","slug":"trump-fara-griji-in-privinta-unei-iran-democratic","status":"publish","type":"post","link":"https:\/\/www.newsrecorder.ro\/app\/2026\/03\/06\/trump-fara-griji-in-privinta-unei-iran-democratic\/","title":{"rendered":"Trump: F\u0103r\u0103 griji \u00een privin\u021ba unei Iran democratic!"},"content":{"rendered":"<p>\u201eIranul nu mai este aceea\u0219i \u021bar\u0103 ca acum o s\u0103pt\u0103m\u00e2n\u0103\u201d, a declarat fostul pre\u0219edinte Donald Trump \u00eentr-un interviu telefonic pentru <a href=\"https:\/\/edition.cnn.com\/2026\/03\/06\/politics\/trump-interview-iran-cuba-dana-bash\" target=\"_blank\" rel=\"noopener\">CNN<\/a>. El a subliniat c\u0103, \u00een prezent, Iranul a fost \u201e\u00eentr-adev\u0103r neutralizat\u201d, comparativ cu puterea pe care o de\u021binea anterior.<\/p>\n<p>Trump a exprimat optimism cu privire la procesul de alegere a unui nou lider iranian, subliniind c\u0103 va fi o sarcin\u0103 u\u0219oar\u0103 \u0219i a f\u0103cut o paralel\u0103 cu situa\u021bia din Venezuela, unde Statele Unite au reu\u0219it s\u0103-l captureze pe Nicol\u00e1s Maduro \u0219i s\u0103 o pun\u0103 \u00een func\u021bie pe adjuncta sa.<\/p>\n<p>\u201eVa func\u021biona foarte u\u0219or. Va func\u021biona ca \u00een Venezuela. Avem un lider minunat acolo. Ea face o treab\u0103 fantastic\u0103. \u0218i va func\u021biona ca \u00een Venezuela\u201d, a afirmat Trump, referindu-se la pre\u0219edinta interimar\u0103 Delcy Rodr\u00edguez.<\/p>\n<p>\u00cen continuare, Trump a men\u021bionat posibilitatea ca Iranul s\u0103 fie condus de un lider religios, afirm\u00e2nd: \u201eEi bine, poate c\u0103 da, depinde cine este persoana. Nu am nimic \u00eempotriva liderilor religio\u0219i. Lucrez cu mul\u021bi lideri religio\u0219i \u0219i sunt fantastici.\u201d<\/p>\n<p>\u00centrebat dac\u0103 consider\u0103 c\u0103 Iranul ar trebui s\u0103 devin\u0103 un stat democratic, Trump a r\u0103spuns pentru CNN: \u201eNu, spun doar c\u0103 trebuie s\u0103 existe un lider care s\u0103 fie corect \u0219i drept. S\u0103 fac\u0103 o treab\u0103 grozav\u0103. S\u0103 trateze bine Statele Unite \u0219i Israelul \u0219i s\u0103 trateze bine celelalte \u021b\u0103ri din Orientul Mijlociu \u2014 toate sunt partenerii no\u0219tri.\u201d<\/p>\n<p>El a continuat s\u0103 laude rela\u021biile sale cu \u021b\u0103rile din Orientul Mijlociu, afirm\u00e2nd c\u0103 acestea \u201elupt\u0103 pentru noi\u201d. Trump a ad\u0103ugat: \u201eAm devenit foarte prietenos cu toate acele \u021b\u0103ri. De aceea toate lupt\u0103 pentru noi. \u00cenainte s\u0103 m\u0103 implic eu, nici m\u0103car nu vorbeam cu Emiratele Arabe Unite \u0219i Arabia Saudit\u0103. \u0218ti\u021bi, Joe Biden i-a exclus. Biden \u0219i Barack Obama au exclus Arabia Saudit\u0103, Emiratele Arabe Unite, Qatar \u2014 i-au exclus pe to\u021bi. To\u021bi urmau s\u0103 mearg\u0103 c\u0103tre China, iar eu m-am implicat \u0219i, \u00eentr-o perioad\u0103 foarte scurt\u0103, au devenit prietenii mei.\u201d<\/p>\n<p>\u00cen privin\u021ba opera\u021biunilor SUA \u00eempotriva Iranului, Trump a evaluat situa\u021bia ca fiind \u201e12, poate 15 pe o scar\u0103 de la 1 la 10\u201d, suger\u00e2nd c\u0103 nu este \u00eengrijorat de cre\u0219terea pre\u021burilor la combustibil.<\/p>\n<p>\u201eEste \u00een regul\u0103. Va fi pe termen scurt. Vor sc\u0103dea foarte repede\u201d, a afirmat el, resping\u00e2nd ideea c\u0103 pre\u021burile au crescut semnificativ \u0219i ad\u0103ug\u00e2nd c\u0103 a \u201erezolvat deja\u201d problema Str\u00e2mtorii Hormuz.<\/p>\n<p>\u201eLe-am distrus marina, pentru c\u0103, \u0219ti\u021bi, c\u00e2nd le distrugi marina, nu mai pot face ce voiau s\u0103 fac\u0103\u201d, a concluzionat Trump.<\/p>\n","protected":false},"excerpt":{"rendered":"<p>\u201eIranul nu mai este aceea\u0219i \u021bar\u0103 ca acum o s\u0103pt\u0103m\u00e2n\u0103\u201d, a declarat fostul pre\u0219edinte Donald Trump \u00eentr-un interviu telefonic pentru CNN. El a subliniat c\u0103, \u00een prezent, Iranul a fost \u201e\u00eentr-adev\u0103r neutralizat\u201d, comparativ cu puterea pe care o de\u021binea anterior. Trump a exprimat optimism cu privire la procesul de alegere a unui nou lider iranian, [&hellip;]<\/p>\n","protected":false},"author":2,"featured_media":6890,"comment_status":"open","ping_status":"open","sticky":false,"template":"","format":"standard","meta":{"jnews-multi-image_gallery":[],"jnews_single_post":[],"jnews_primary_category":[],"jnews_override_counter":[],"footnotes":""},"categories":[41],"tags":[1042,5014,913,1254,9777,3471,1735,2062],"class_list":["post-6889","post","type-post","status-publish","format-standard","has-post-thumbnail","hentry","category-externe","tag-alegeri","tag-delcy-rodriguez","tag-iran","tag-lider","tag-neutralizat","tag-putere","tag-trump","tag-venezuela"],"_links":{"self":[{"href":"https:\/\/www.newsrecorder.ro\/app\/wp-json\/wp\/v2\/posts\/6889","targetHints":{"allow":["GET"]}}],"collection":[{"href":"https:\/\/www.newsrecorder.ro\/app\/wp-json\/wp\/v2\/posts"}],"about":[{"href":"https:\/\/www.newsrecorder.ro\/app\/wp-json\/wp\/v2\/types\/post"}],"author":[{"embeddable":true,"href":"https:\/\/www.newsrecorder.ro\/app\/wp-json\/wp\/v2\/users\/2"}],"replies":[{"embeddable":true,"href":"https:\/\/www.newsrecorder.ro\/app\/wp-json\/wp\/v2\/comments?post=6889"}],"version-history":[{"count":0,"href":"https:\/\/www.newsrecorder.ro\/app\/wp-json\/wp\/v2\/posts\/6889\/revisions"}],"wp:featuredmedia":[{"embeddable":true,"href":"https:\/\/www.newsrecorder.ro\/app\/wp-json\/wp\/v2\/media\/6890"}],"wp:attachment":[{"href":"https:\/\/www.newsrecorder.ro\/app\/wp-json\/wp\/v2\/media?parent=6889"}],"wp:term":[{"taxonomy":"category","embeddable":true,"href":"https:\/\/www.newsrecorder.ro\/app\/wp-json\/wp\/v2\/categories?post=6889"},{"taxonomy":"post_tag","embeddable":true,"href":"https:\/\/www.newsrecorder.ro\/app\/wp-json\/wp\/v2\/tags?post=6889"}],"curies":[{"name":"wp","href":"https:\/\/api.w.org\/{rel}","templated":true}]}}