{"id":6925,"date":"2026-03-06T19:58:39","date_gmt":"2026-03-06T19:58:39","guid":{"rendered":"https:\/\/www.newsrecorder.ro\/app\/2026\/03\/06\/real-madrid-sanctionat-de-uefa-dupa-un-incident-socant-cu-un-fan\/"},"modified":"2026-03-06T19:58:39","modified_gmt":"2026-03-06T19:58:39","slug":"real-madrid-sanctionat-de-uefa-dupa-un-incident-socant-cu-un-fan","status":"publish","type":"post","link":"https:\/\/www.newsrecorder.ro\/app\/2026\/03\/06\/real-madrid-sanctionat-de-uefa-dupa-un-incident-socant-cu-un-fan\/","title":{"rendered":"Real Madrid, sanc\u021bionat de UEFA dup\u0103 un incident \u0219ocant cu un fan"},"content":{"rendered":"<p>Clubul spaniol a anun\u021bat c\u0103 suporterul implicat \u00een incident a fost imediat expulzat de c\u0103tre echipa de securitate a stadionului, subliniind astfel ferm condamnarea gestului s\u0103u. Ca urmare a acestui incident, UEFA a decis s\u0103 <a href=\"https:\/\/disciplinary.uefa.com\/02a3-201460e3ad48-0c860e6693df-1000\/\" target=\"_blank\" rel=\"noopener\">aplice o amend\u0103<\/a> clubului \u00een valoare de 15.000 de euro \u0219i a ordonat \u00eenchiderea a 500 de locuri \u00een tribuna sud pentru urm\u0103torul meci european disputat pe teren propriu, sanc\u021biune ce va r\u0103m\u00e2ne suspendat\u0103 pe o perioad\u0103 de un an.<\/p>\n<p>Acest incident a avut loc \u00eentr-un context deja tensionat, dup\u0103 ce atacantul brazilian al echipei Real Madrid, Vinicius Junior, a acuzat abuzuri rasiale din partea lui Gianluca Prestianni \u00een prima man\u0219\u0103 a confrunt\u0103rii directe.<\/p>\n<p>Prestianni nu a participat la partida de retur din cauza unei suspend\u0103ri provizorii de un meci, iar el se confrunt\u0103 cu riscul de a primi sanc\u021biuni suplimentare \u00een urma unei anchete complete desf\u0103\u0219urate de UEFA.<\/p>\n<p>\u00cen ceea ce prive\u0219te jocul, Real Madrid a ob\u021binut o victorie cu 2-1 \u00een meciul retur, asigur\u00e2nd astfel calificarea \u00een faza urm\u0103toare cu un scor general de 3-1, Vinicius Junior fiind cel care a marcat golul decisiv.<\/p>\n<p>Urm\u0103toarea provocare pentru echipa spaniol\u0103 va fi confruntarea cu Manchester City \u00een optimile Ligii Campionilor, un meci ce promite a fi unul deosebit de interesant.<\/p>\n","protected":false},"excerpt":{"rendered":"<p>Clubul spaniol a anun\u021bat c\u0103 suporterul implicat \u00een incident a fost imediat expulzat de c\u0103tre echipa de securitate a stadionului, subliniind astfel ferm condamnarea gestului s\u0103u. Ca urmare a acestui incident, UEFA a decis s\u0103 aplice o amend\u0103 clubului \u00een valoare de 15.000 de euro \u0219i a ordonat \u00eenchiderea a 500 de locuri \u00een tribuna [&hellip;]<\/p>\n","protected":false},"author":6,"featured_media":6926,"comment_status":"open","ping_status":"open","sticky":false,"template":"","format":"standard","meta":{"jnews-multi-image_gallery":[],"jnews_single_post":[],"jnews_primary_category":[],"jnews_override_counter":[],"footnotes":""},"categories":[46],"tags":[9834,2307,88,1395,86,87,1223,5838],"class_list":["post-6925","post","type-post","status-publish","format-standard","has-post-thumbnail","hentry","category-sport","tag-abuzuri-rasiale","tag-amenda","tag-incidente","tag-real-madrid","tag-sanctiuni","tag-suporteri","tag-uefa","tag-vinicius-junior"],"_links":{"self":[{"href":"https:\/\/www.newsrecorder.ro\/app\/wp-json\/wp\/v2\/posts\/6925","targetHints":{"allow":["GET"]}}],"collection":[{"href":"https:\/\/www.newsrecorder.ro\/app\/wp-json\/wp\/v2\/posts"}],"about":[{"href":"https:\/\/www.newsrecorder.ro\/app\/wp-json\/wp\/v2\/types\/post"}],"author":[{"embeddable":true,"href":"https:\/\/www.newsrecorder.ro\/app\/wp-json\/wp\/v2\/users\/6"}],"replies":[{"embeddable":true,"href":"https:\/\/www.newsrecorder.ro\/app\/wp-json\/wp\/v2\/comments?post=6925"}],"version-history":[{"count":0,"href":"https:\/\/www.newsrecorder.ro\/app\/wp-json\/wp\/v2\/posts\/6925\/revisions"}],"wp:featuredmedia":[{"embeddable":true,"href":"https:\/\/www.newsrecorder.ro\/app\/wp-json\/wp\/v2\/media\/6926"}],"wp:attachment":[{"href":"https:\/\/www.newsrecorder.ro\/app\/wp-json\/wp\/v2\/media?parent=6925"}],"wp:term":[{"taxonomy":"category","embeddable":true,"href":"https:\/\/www.newsrecorder.ro\/app\/wp-json\/wp\/v2\/categories?post=6925"},{"taxonomy":"post_tag","embeddable":true,"href":"https:\/\/www.newsrecorder.ro\/app\/wp-json\/wp\/v2\/tags?post=6925"}],"curies":[{"name":"wp","href":"https:\/\/api.w.org\/{rel}","templated":true}]}}