{"id":6933,"date":"2026-03-06T19:59:29","date_gmt":"2026-03-06T19:59:29","guid":{"rendered":"https:\/\/www.newsrecorder.ro\/app\/2026\/03\/06\/alerta-meteo-vant-puternic-in-moldova-si-muntenia-joi-si-vineri\/"},"modified":"2026-03-06T19:59:29","modified_gmt":"2026-03-06T19:59:29","slug":"alerta-meteo-vant-puternic-in-moldova-si-muntenia-joi-si-vineri","status":"publish","type":"post","link":"https:\/\/www.newsrecorder.ro\/app\/2026\/03\/06\/alerta-meteo-vant-puternic-in-moldova-si-muntenia-joi-si-vineri\/","title":{"rendered":"Alert\u0103 meteo: V\u00e2nt puternic \u00een Moldova \u0219i Muntenia joi \u0219i vineri!"},"content":{"rendered":"<p>Conform prognozei meteo emit\u0103 de ANM, joi, \u00een nordul \u0219i centrul Moldovei, v\u00e2ntul va \u00eenregistra intensific\u0103ri temporare, ating\u00e2nd viteze de 40-45 km\/h.<\/p>\n<p>Vineri, aceste rafale se vor muta spre nord-estul Munteniei \u0219i sudul Dobrogei, men\u021bin\u00e2nd viteze similare. \u00cen plus, pe crestele Carpa\u021bilor de Curbur\u0103 \u0219i Meridionali, v\u00e2ntul va putea atinge viteze de 60-65 km\/h.<\/p>\n<p>Este important de men\u021bionat c\u0103 o avertizare de Cod galben este \u00een vigoare pentru vineri, 6 martie, \u00eentre orele 08:00 \u0219i 20:00. Zonele afectate de acest fenomen meteorologic sunt Moldova \u0219i nordul Dobrogei, unde v\u00e2ntul va sufla cu intensific\u0103ri de 50-65 km\/h.<\/p>\n<p>Astfel, locuitorii din aceste regiuni sunt sf\u0103tui\u021bi s\u0103 fie aten\u021bi \u0219i s\u0103 ia m\u0103surile necesare pentru a se proteja \u00eempotriva eventualelor efecte ale v\u00e2ntului puternic.<\/p>\n","protected":false},"excerpt":{"rendered":"<p>Conform prognozei meteo emit\u0103 de ANM, joi, \u00een nordul \u0219i centrul Moldovei, v\u00e2ntul va \u00eenregistra intensific\u0103ri temporare, ating\u00e2nd viteze de 40-45 km\/h. Vineri, aceste rafale se vor muta spre nord-estul Munteniei \u0219i sudul Dobrogei, men\u021bin\u00e2nd viteze similare. \u00cen plus, pe crestele Carpa\u021bilor de Curbur\u0103 \u0219i Meridionali, v\u00e2ntul va putea atinge viteze de 60-65 km\/h. Este [&hellip;]<\/p>\n","protected":false},"author":5,"featured_media":6934,"comment_status":"open","ping_status":"open","sticky":false,"template":"","format":"standard","meta":{"jnews-multi-image_gallery":[],"jnews_single_post":[],"jnews_primary_category":[],"jnews_override_counter":[],"footnotes":""},"categories":[45],"tags":[150,196,2253,1422,871,4036,141,137],"class_list":["post-6933","post","type-post","status-publish","format-standard","has-post-thumbnail","hentry","category-meteo","tag-anm","tag-cod-galben","tag-dobrogea","tag-intensificari","tag-moldova","tag-muntenia","tag-prognoza-meteo","tag-vant"],"_links":{"self":[{"href":"https:\/\/www.newsrecorder.ro\/app\/wp-json\/wp\/v2\/posts\/6933","targetHints":{"allow":["GET"]}}],"collection":[{"href":"https:\/\/www.newsrecorder.ro\/app\/wp-json\/wp\/v2\/posts"}],"about":[{"href":"https:\/\/www.newsrecorder.ro\/app\/wp-json\/wp\/v2\/types\/post"}],"author":[{"embeddable":true,"href":"https:\/\/www.newsrecorder.ro\/app\/wp-json\/wp\/v2\/users\/5"}],"replies":[{"embeddable":true,"href":"https:\/\/www.newsrecorder.ro\/app\/wp-json\/wp\/v2\/comments?post=6933"}],"version-history":[{"count":0,"href":"https:\/\/www.newsrecorder.ro\/app\/wp-json\/wp\/v2\/posts\/6933\/revisions"}],"wp:featuredmedia":[{"embeddable":true,"href":"https:\/\/www.newsrecorder.ro\/app\/wp-json\/wp\/v2\/media\/6934"}],"wp:attachment":[{"href":"https:\/\/www.newsrecorder.ro\/app\/wp-json\/wp\/v2\/media?parent=6933"}],"wp:term":[{"taxonomy":"category","embeddable":true,"href":"https:\/\/www.newsrecorder.ro\/app\/wp-json\/wp\/v2\/categories?post=6933"},{"taxonomy":"post_tag","embeddable":true,"href":"https:\/\/www.newsrecorder.ro\/app\/wp-json\/wp\/v2\/tags?post=6933"}],"curies":[{"name":"wp","href":"https:\/\/api.w.org\/{rel}","templated":true}]}}