{"id":6941,"date":"2026-03-06T20:00:36","date_gmt":"2026-03-06T20:00:36","guid":{"rendered":"https:\/\/www.newsrecorder.ro\/app\/2026\/03\/06\/primavara-incepe-cu-vesti-promitatoare-cum-va-fi-vremea-in-martie-2\/"},"modified":"2026-03-06T20:00:36","modified_gmt":"2026-03-06T20:00:36","slug":"primavara-incepe-cu-vesti-promitatoare-cum-va-fi-vremea-in-martie-2","status":"publish","type":"post","link":"https:\/\/www.newsrecorder.ro\/app\/2026\/03\/06\/primavara-incepe-cu-vesti-promitatoare-cum-va-fi-vremea-in-martie-2\/","title":{"rendered":"Prim\u0103vara \u00eencepe cu ve\u0219ti promi\u021b\u0103toare: Cum va fi vremea \u00een martie!"},"content":{"rendered":"<p>Conform datelor furnizate de Administra\u021bia Na\u021bional\u0103 de Meteorologie (ANM), prognoza pentru s\u0103pt\u0103m\u00e2na 2-9 martie indic\u0103 faptul c\u0103 valorile termice vor fi superioare celor obi\u0219nuite pentru aceast\u0103 perioad\u0103. Aceast\u0103 tendin\u021b\u0103 se va resim\u021bi \u00een special \u00een regiunile vestice, nordice \u0219i centrale ale \u021b\u0103rii. De asemenea, se estimeaz\u0103 c\u0103 regimul pluviometric va fi deficitar pe \u00eentreg teritoriul Rom\u00e2niei.<\/p>\n<p>\u00cen s\u0103pt\u0103m\u00e2na 9-16 martie, se preconizeaz\u0103 c\u0103 temperaturile medii vor fi u\u0219or mai ridicate dec\u00e2t cele specifice acestui interval, \u00een special \u00een regiunile vestice, nordice \u0219i centrale. \u00cen celelalte zone, valorile termice vor fi, \u00een general, apropiate de normele climatologice. De asemenea, cantit\u0103\u021bile de precipita\u021bii vor r\u0103m\u00e2ne deficitare pe \u00eentreg teritoriul \u021b\u0103rii, cu un accent pe zonele montane.<\/p>\n<p>Pe parcursul s\u0103pt\u0103m\u00e2nii 16-23 martie, prognoza arat\u0103 c\u0103 temperatura medie a aerului va fi u\u0219or mai ridicat\u0103 dec\u00e2t valorile normale pentru aceast\u0103 perioad\u0103, \u00een toate regiunile. Regimul pluviometric, \u00een schimb, se va men\u021bine aproape de nivelul normal, acoperind cea mai mare parte a teritoriului na\u021bional.<\/p>\n<p>\u00cen final, \u00een s\u0103pt\u0103m\u00e2na 23-30 martie, se estimeaz\u0103 c\u0103 mediile temperaturilor vor continua s\u0103 fie u\u0219or peste cele specifice acestei s\u0103pt\u0103m\u00e2ni, afect\u00e2nd \u00eentreaga \u021bar\u0103. \u00cen ceea ce prive\u0219te precipita\u021biile, cantit\u0103\u021bile vor fi, \u00een general, apropiate de normele climatologice pentru aceast\u0103 perioad\u0103, conform informa\u021biilor transmise de ANM.<\/p>\n","protected":false},"excerpt":{"rendered":"<p>Conform datelor furnizate de Administra\u021bia Na\u021bional\u0103 de Meteorologie (ANM), prognoza pentru s\u0103pt\u0103m\u00e2na 2-9 martie indic\u0103 faptul c\u0103 valorile termice vor fi superioare celor obi\u0219nuite pentru aceast\u0103 perioad\u0103. Aceast\u0103 tendin\u021b\u0103 se va resim\u021bi \u00een special \u00een regiunile vestice, nordice \u0219i centrale ale \u021b\u0103rii. De asemenea, se estimeaz\u0103 c\u0103 regimul pluviometric va fi deficitar pe \u00eentreg teritoriul [&hellip;]<\/p>\n","protected":false},"author":5,"featured_media":6942,"comment_status":"open","ping_status":"open","sticky":false,"template":"","format":"standard","meta":{"jnews-multi-image_gallery":[],"jnews_single_post":[],"jnews_primary_category":[],"jnews_override_counter":[],"footnotes":""},"categories":[45],"tags":[1816,6422,5163,135,141,1600,149,126],"class_list":["post-6941","post","type-post","status-publish","format-standard","has-post-thumbnail","hentry","category-meteo","tag-administratia-nationala-de-meteorologie","tag-deficitar","tag-martie","tag-precipitatii","tag-prognoza-meteo","tag-regiunile-vestice","tag-romania","tag-temperaturi"],"_links":{"self":[{"href":"https:\/\/www.newsrecorder.ro\/app\/wp-json\/wp\/v2\/posts\/6941","targetHints":{"allow":["GET"]}}],"collection":[{"href":"https:\/\/www.newsrecorder.ro\/app\/wp-json\/wp\/v2\/posts"}],"about":[{"href":"https:\/\/www.newsrecorder.ro\/app\/wp-json\/wp\/v2\/types\/post"}],"author":[{"embeddable":true,"href":"https:\/\/www.newsrecorder.ro\/app\/wp-json\/wp\/v2\/users\/5"}],"replies":[{"embeddable":true,"href":"https:\/\/www.newsrecorder.ro\/app\/wp-json\/wp\/v2\/comments?post=6941"}],"version-history":[{"count":0,"href":"https:\/\/www.newsrecorder.ro\/app\/wp-json\/wp\/v2\/posts\/6941\/revisions"}],"wp:featuredmedia":[{"embeddable":true,"href":"https:\/\/www.newsrecorder.ro\/app\/wp-json\/wp\/v2\/media\/6942"}],"wp:attachment":[{"href":"https:\/\/www.newsrecorder.ro\/app\/wp-json\/wp\/v2\/media?parent=6941"}],"wp:term":[{"taxonomy":"category","embeddable":true,"href":"https:\/\/www.newsrecorder.ro\/app\/wp-json\/wp\/v2\/categories?post=6941"},{"taxonomy":"post_tag","embeddable":true,"href":"https:\/\/www.newsrecorder.ro\/app\/wp-json\/wp\/v2\/tags?post=6941"}],"curies":[{"name":"wp","href":"https:\/\/api.w.org\/{rel}","templated":true}]}}