{"id":6945,"date":"2026-03-06T20:09:47","date_gmt":"2026-03-06T20:09:47","guid":{"rendered":"https:\/\/www.newsrecorder.ro\/app\/2026\/03\/06\/ninsori-abundente-in-suceava-si-cod-galben-de-vant-in-moldova\/"},"modified":"2026-03-06T20:09:47","modified_gmt":"2026-03-06T20:09:47","slug":"ninsori-abundente-in-suceava-si-cod-galben-de-vant-in-moldova","status":"publish","type":"post","link":"https:\/\/www.newsrecorder.ro\/app\/2026\/03\/06\/ninsori-abundente-in-suceava-si-cod-galben-de-vant-in-moldova\/","title":{"rendered":"Ninsori abundente \u00een Suceava \u0219i Cod galben de v\u00e2nt \u00een Moldova!"},"content":{"rendered":"<p style=\"text-align: left\">\u00cen special \u00een regiunile montane, stratul de z\u0103pad\u0103 acumulat pe carosabil a necesitat interven\u021bia rapid\u0103 a utilajelor de desz\u0103pezire.<\/p>\n<p style=\"text-align: left\">Conform informa\u021biilor furnizate de <a href=\"https:\/\/www.facebook.com\/share\/r\/1AqnMmPB1A\/\" target=\"_blank\" rel=\"noopener\">Direc\u021bia Regional\u0103 de Drumuri \u0219i Poduri Ia\u0219i<\/a>, jude\u021bul Suceava a fost afectat de ninsori abundente, iar circula\u021bia s-a desf\u0103\u0219urat \u00een condi\u021bii specifice de iarn\u0103. Sec\u021bia Drumuri Na\u021bionale C\u00e2mpulung Moldovenesc a ac\u021bionat prompt pe sectoarele afectate, \u00eempr\u0103\u0219tiind material antiderapant \u0219i efectu\u00e2nd lucr\u0103ri de \u00eendep\u0103rtare a z\u0103pezii de pe carosabil.<\/p>\n<p style=\"text-align: left\">\u00cen Pasul Palma, pe DN 17A, unde viscolul genereaz\u0103 frecvent troiene, utilajele de desz\u0103pezire au continuat s\u0103 men\u021bin\u0103 carosabilul curat pentru a asigura condi\u021bii de siguran\u021b\u0103 pentru \u0219oferi. Reprezentan\u021bii DRDP Ia\u0219i au subliniat c\u0103 \u201etraficul pe acest sector se desf\u0103\u0219oar\u0103 \u00een condi\u021bii de iarn\u0103, \u00een urma ninsorii abundente\u201d \u0219i au sf\u0103tuit \u0219oferii s\u0103 circule cu o aten\u021bie sporit\u0103.<\/p>\n<p style=\"text-align: left\">Pe parcursul zilei, interven\u021biile au continuat pe drumurile na\u021bionale din zona montan\u0103 a jude\u021bului. Drumarii au raportat c\u0103 \u201epe anumite sectoare se circul\u0103 cu dificultate, carosabilul fiind umed \u0219i acoperit cu z\u0103pad\u0103 fr\u0103m\u00e2ntat\u0103, tratat\u0103 cu material antiderapant\u201d.<\/p>\n<p style=\"text-align: left\">Meteorologii au emis avertiz\u0103ri pentru vreme sever\u0103 \u00een zona Moldovei, indic\u00e2nd viscol puternic, z\u0103pad\u0103 troienit\u0103 \u0219i vizibilitate sc\u0103zut\u0103 \u00een regiunile montane. \u00cencep\u00e2nd cu miercuri diminea\u021ba, va intra \u00een vigoare un nou cod galben, valabil pe 25 februarie, \u00eentre orele 10.00 \u0219i 20.00, ce va aduce intensific\u0103ri ale v\u00e2ntului.<\/p>\n<p style=\"text-align: left\">Aceast\u0103 avertizare vizeaz\u0103 cea mai mare parte a Moldovei, dar \u0219i zone din Transilvania, vestul \u0219i sud-vestul Olteniei, precum \u0219i nordul Dobrogei, unde v\u00e2ntul ar putea atinge viteze de 50\u201370 km\/h.<\/p>\n<p style=\"text-align: left\">\u00cen acest context, autorit\u0103\u021bile din Ia\u0219i recomand\u0103 \u0219oferilor s\u0103 porneasc\u0103 la drum doar dac\u0103 este absolut necesar, s\u0103 echipeze corespunz\u0103tor vehiculele pentru sezonul rece \u0219i s\u0103 adapteze viteza de deplasare la condi\u021biile de trafic existente.<\/p>\n","protected":false},"excerpt":{"rendered":"<p>\u00cen special \u00een regiunile montane, stratul de z\u0103pad\u0103 acumulat pe carosabil a necesitat interven\u021bia rapid\u0103 a utilajelor de desz\u0103pezire. Conform informa\u021biilor furnizate de Direc\u021bia Regional\u0103 de Drumuri \u0219i Poduri Ia\u0219i, jude\u021bul Suceava a fost afectat de ninsori abundente, iar circula\u021bia s-a desf\u0103\u0219urat \u00een condi\u021bii specifice de iarn\u0103. Sec\u021bia Drumuri Na\u021bionale C\u00e2mpulung Moldovenesc a ac\u021bionat prompt [&hellip;]<\/p>\n","protected":false},"author":5,"featured_media":6946,"comment_status":"open","ping_status":"open","sticky":false,"template":"","format":"standard","meta":{"jnews-multi-image_gallery":[],"jnews_single_post":[],"jnews_primary_category":[],"jnews_override_counter":[],"footnotes":""},"categories":[45],"tags":[1150,2239,9849,564,9004,1118,2241,729],"class_list":["post-6945","post","type-post","status-publish","format-standard","has-post-thumbnail","hentry","category-meteo","tag-circulatie","tag-deszapezire","tag-dn-17a","tag-iarna","tag-judetul-suceava","tag-siguranta","tag-utilaje","tag-zapada"],"_links":{"self":[{"href":"https:\/\/www.newsrecorder.ro\/app\/wp-json\/wp\/v2\/posts\/6945","targetHints":{"allow":["GET"]}}],"collection":[{"href":"https:\/\/www.newsrecorder.ro\/app\/wp-json\/wp\/v2\/posts"}],"about":[{"href":"https:\/\/www.newsrecorder.ro\/app\/wp-json\/wp\/v2\/types\/post"}],"author":[{"embeddable":true,"href":"https:\/\/www.newsrecorder.ro\/app\/wp-json\/wp\/v2\/users\/5"}],"replies":[{"embeddable":true,"href":"https:\/\/www.newsrecorder.ro\/app\/wp-json\/wp\/v2\/comments?post=6945"}],"version-history":[{"count":0,"href":"https:\/\/www.newsrecorder.ro\/app\/wp-json\/wp\/v2\/posts\/6945\/revisions"}],"wp:featuredmedia":[{"embeddable":true,"href":"https:\/\/www.newsrecorder.ro\/app\/wp-json\/wp\/v2\/media\/6946"}],"wp:attachment":[{"href":"https:\/\/www.newsrecorder.ro\/app\/wp-json\/wp\/v2\/media?parent=6945"}],"wp:term":[{"taxonomy":"category","embeddable":true,"href":"https:\/\/www.newsrecorder.ro\/app\/wp-json\/wp\/v2\/categories?post=6945"},{"taxonomy":"post_tag","embeddable":true,"href":"https:\/\/www.newsrecorder.ro\/app\/wp-json\/wp\/v2\/tags?post=6945"}],"curies":[{"name":"wp","href":"https:\/\/api.w.org\/{rel}","templated":true}]}}