{"id":6971,"date":"2026-03-06T20:42:33","date_gmt":"2026-03-06T20:42:33","guid":{"rendered":"https:\/\/www.newsrecorder.ro\/app\/2026\/03\/06\/cauza-mortii-lui-eric-dane-a-fost-dezvaluita-oficial\/"},"modified":"2026-03-06T20:42:33","modified_gmt":"2026-03-06T20:42:33","slug":"cauza-mortii-lui-eric-dane-a-fost-dezvaluita-oficial","status":"publish","type":"post","link":"https:\/\/www.newsrecorder.ro\/app\/2026\/03\/06\/cauza-mortii-lui-eric-dane-a-fost-dezvaluita-oficial\/","title":{"rendered":"Cauza mor\u021bii lui Eric Dane a fost dezv\u0103luit\u0103 oficial!"},"content":{"rendered":"<p class=\"font-claude-response-body break-words whitespace-normal leading-[1.7]\">Revista <a href=\"https:\/\/people.com\/\" target=\"_blank\" rel=\"noopener\">People<\/a> a ob\u021binut certificatul de deces al actorului Eric Dane, care confirm\u0103 c\u0103 acesta a decedat din cauza insuficien\u021bei respiratorii. Documentul men\u021bioneaz\u0103, de asemenea, scleroza lateral\u0103 amiotrofic\u0103 (SLA) drept o cauz\u0103 asociat\u0103 a decesului s\u0103u. Dane a murit la aproape un an dup\u0103 ce a primit diagnosticul.<\/p>\n<p class=\"font-claude-response-body break-words whitespace-normal leading-[1.7]\">SLA este o boal\u0103 degenerativ\u0103 progresiv\u0103 ce afecteaz\u0103 celulele nervoase, iar evolu\u021bia acesteia duce, \u00een cele din urm\u0103, la paralizie muscular\u0103 complet\u0103. Din p\u0103cate, nu exist\u0103 un tratament care s\u0103 vindece aceast\u0103 afec\u021biune, de\u0219i anumite medicamente \u0219i terapii fizice pot ajuta la \u00eencetinirea progresiei bolii.<\/p>\n<p class=\"font-claude-response-body break-words whitespace-normal leading-[1.7]\">\u00cen aprilie 2025, Eric Dane a f\u0103cut public diagnosticul s\u0103u, aleg\u00e2nd s\u0103 r\u0103m\u00e2n\u0103 optimist \u0219i activ \u00een cariera sa. Atunci, el a declarat c\u0103 a\u0219teapt\u0103 cu ner\u0103bdare s\u0103 revin\u0103 pe platourile de filmare pentru serialul \u201eEuphoria\u201d.<\/p>\n<p class=\"font-claude-response-body break-words whitespace-normal leading-[1.7]\">\u00cen ianuarie 2026, actorul era programat s\u0103 participle la gala Champions for Cures and Care organizat\u0103 de ALS Network, unde urma s\u0103 primeasc\u0103 un premiu. Din p\u0103cate, participarea sa a fost anulat\u0103 cu c\u00e2teva ore \u00eenainte de eveniment din cauza deterior\u0103rii st\u0103rii sale de s\u0103n\u0103tate.<\/p>\n<p class=\"font-claude-response-body break-words whitespace-normal leading-[1.7]\">Dup\u0103 decesul s\u0103u, a fost lansat\u0103 o campanie de str\u00e2ngere de fonduri dedicat\u0103 so\u021biei \u0219i fiicelor actorului. Eric Dane a l\u0103sat \u00een urm\u0103 dou\u0103 fiice adolescente, Billie Beatrice, \u00een v\u00e2rst\u0103 de 15 ani, \u0219i Georgia Geraldine, de 13 ani, pe care le avea \u00eempreun\u0103 cu fosta sa so\u021bie, Rebecca Gayheart.<\/p>\n<p class=\"font-claude-response-body break-words whitespace-normal leading-[1.7]\">Familia a transmis c\u0103 ultimele zile ale actorului au fost petrecute al\u0103turi de cei dragi, subliniind importan\u021ba sprijinului familial \u00een aceste momente dificile.<\/p>\n","protected":false},"excerpt":{"rendered":"<p>Revista People a ob\u021binut certificatul de deces al actorului Eric Dane, care confirm\u0103 c\u0103 acesta a decedat din cauza insuficien\u021bei respiratorii. Documentul men\u021bioneaz\u0103, de asemenea, scleroza lateral\u0103 amiotrofic\u0103 (SLA) drept o cauz\u0103 asociat\u0103 a decesului s\u0103u. Dane a murit la aproape un an dup\u0103 ce a primit diagnosticul. SLA este o boal\u0103 degenerativ\u0103 progresiv\u0103 ce [&hellip;]<\/p>\n","protected":false},"author":7,"featured_media":6972,"comment_status":"open","ping_status":"open","sticky":false,"template":"","format":"standard","meta":{"jnews-multi-image_gallery":[],"jnews_single_post":[],"jnews_primary_category":[],"jnews_override_counter":[],"footnotes":""},"categories":[43],"tags":[9332,3741,9330,9854,9331,9333,6804,2530],"class_list":["post-6971","post","type-post","status-publish","format-standard","has-post-thumbnail","hentry","category-cultura","tag-boala-degenerativa","tag-certificat-de-deces","tag-eric-dane","tag-euforia","tag-insuficienta-respiratorie","tag-paralizie-musculara","tag-scleroza-laterala-amiotrofica","tag-tratament"],"_links":{"self":[{"href":"https:\/\/www.newsrecorder.ro\/app\/wp-json\/wp\/v2\/posts\/6971","targetHints":{"allow":["GET"]}}],"collection":[{"href":"https:\/\/www.newsrecorder.ro\/app\/wp-json\/wp\/v2\/posts"}],"about":[{"href":"https:\/\/www.newsrecorder.ro\/app\/wp-json\/wp\/v2\/types\/post"}],"author":[{"embeddable":true,"href":"https:\/\/www.newsrecorder.ro\/app\/wp-json\/wp\/v2\/users\/7"}],"replies":[{"embeddable":true,"href":"https:\/\/www.newsrecorder.ro\/app\/wp-json\/wp\/v2\/comments?post=6971"}],"version-history":[{"count":0,"href":"https:\/\/www.newsrecorder.ro\/app\/wp-json\/wp\/v2\/posts\/6971\/revisions"}],"wp:featuredmedia":[{"embeddable":true,"href":"https:\/\/www.newsrecorder.ro\/app\/wp-json\/wp\/v2\/media\/6972"}],"wp:attachment":[{"href":"https:\/\/www.newsrecorder.ro\/app\/wp-json\/wp\/v2\/media?parent=6971"}],"wp:term":[{"taxonomy":"category","embeddable":true,"href":"https:\/\/www.newsrecorder.ro\/app\/wp-json\/wp\/v2\/categories?post=6971"},{"taxonomy":"post_tag","embeddable":true,"href":"https:\/\/www.newsrecorder.ro\/app\/wp-json\/wp\/v2\/tags?post=6971"}],"curies":[{"name":"wp","href":"https:\/\/api.w.org\/{rel}","templated":true}]}}