{"id":7001,"date":"2026-03-06T22:00:03","date_gmt":"2026-03-06T22:00:03","guid":{"rendered":"https:\/\/www.newsrecorder.ro\/app\/2026\/03\/06\/sua-pregatesc-controlul-spatiului-aerian-al-iranului-anunta-casa-alba\/"},"modified":"2026-03-06T22:00:03","modified_gmt":"2026-03-06T22:00:03","slug":"sua-pregatesc-controlul-spatiului-aerian-al-iranului-anunta-casa-alba","status":"publish","type":"post","link":"https:\/\/www.newsrecorder.ro\/app\/2026\/03\/06\/sua-pregatesc-controlul-spatiului-aerian-al-iranului-anunta-casa-alba\/","title":{"rendered":"SUA preg\u0103tesc controlul spa\u021biului aerian al Iranului, anun\u021b\u0103 Casa Alb\u0103!"},"content":{"rendered":"<p>\u00centr-o declara\u021bie recent\u0103 adresat\u0103 jurnali\u0219tilor la Casa Alb\u0103, <a href=\"https:\/\/www.mediafax.ro\/externe\/casa-alba-anunta-cat-timp-ar-putea-dura-campania-sua-impotriva-iranului-23698760\">Leavitt<\/a> a subliniat c\u0103 Washingtonul evalueaz\u0103 poten\u021bialii candida\u021bi care ar putea prelua conducerea Iranului. Aceasta a fost f\u0103cut\u0103 la scurt timp dup\u0103 ce pre\u0219edintele Donald Trump a afirmat, \u00eentr-un interviu acordat Reuters, c\u0103 Statele Unite ar trebui s\u0103 aib\u0103 un cuv\u00e2nt de spus \u00een alegerea viitorului lider iranian.<\/p>\n<p>\u201eSunt con\u0219tient c\u0103 agen\u021biile noastre de informa\u021bii \u0219i guvernul Statelor Unite analizeaz\u0103 o serie de persoane, dar nu voi oferi mai multe detalii \u00een acest sens\u201d, a declarat Leavitt.<\/p>\n<p>\u00cen interviul de joi, Trump a exprimat opinia c\u0103 este pu\u021bin probabil ca urm\u0103torul lider al Iranului s\u0103 fie fiul defunctului lider suprem, Ayatollah Ali Khamenei, care a fost considerat un favorit pentru a-i succeda tat\u0103lui s\u0103u, ucis \u00een cadrul unui atac militar la \u00eenceputul r\u0103zboiului.<\/p>\n<p>\u00cen diminea\u021ba de vineri, Trump a reiterat c\u0103 nu va exista un acord cu Iranul, cu excep\u021bia \u201ecapitul\u0103rii necondi\u021bionate\u201d.<\/p>\n<p>\u201eCeea ce dore\u0219te s\u0103 sublinieze pre\u0219edintele este c\u0103, atunci c\u00e2nd el, \u00een calitate de comandant suprem al for\u021belor armate ale SUA, va considera c\u0103 Iranul nu mai reprezint\u0103 o amenin\u021bare pentru Statele Unite \u0219i c\u0103 obiectivele opera\u021biunii Epic Fury au fost complet realizate, Iranul se va afla, \u00een esen\u021b\u0103, \u00eentr-o situa\u021bie de capitulare necondi\u021bionat\u0103, indiferent dac\u0103 vor recunoa\u0219te sau nu acest lucru\u201d, a ad\u0103ugat Leavitt.<\/p>\n","protected":false},"excerpt":{"rendered":"<p>\u00centr-o declara\u021bie recent\u0103 adresat\u0103 jurnali\u0219tilor la Casa Alb\u0103, Leavitt a subliniat c\u0103 Washingtonul evalueaz\u0103 poten\u021bialii candida\u021bi care ar putea prelua conducerea Iranului. Aceasta a fost f\u0103cut\u0103 la scurt timp dup\u0103 ce pre\u0219edintele Donald Trump a afirmat, \u00eentr-un interviu acordat Reuters, c\u0103 Statele Unite ar trebui s\u0103 aib\u0103 un cuv\u00e2nt de spus \u00een alegerea viitorului lider [&hellip;]<\/p>\n","protected":false},"author":2,"featured_media":7002,"comment_status":"open","ping_status":"open","sticky":false,"template":"","format":"standard","meta":{"jnews-multi-image_gallery":[],"jnews_single_post":[],"jnews_primary_category":[],"jnews_override_counter":[],"footnotes":""},"categories":[39],"tags":[9885,6062,1073,4916,913,1254,1735,2065],"class_list":["post-7001","post","type-post","status-publish","format-standard","has-post-thumbnail","hentry","category-stirile-zilei","tag-alegere","tag-candidati","tag-conducere","tag-informatii","tag-iran","tag-lider","tag-trump","tag-washington"],"_links":{"self":[{"href":"https:\/\/www.newsrecorder.ro\/app\/wp-json\/wp\/v2\/posts\/7001","targetHints":{"allow":["GET"]}}],"collection":[{"href":"https:\/\/www.newsrecorder.ro\/app\/wp-json\/wp\/v2\/posts"}],"about":[{"href":"https:\/\/www.newsrecorder.ro\/app\/wp-json\/wp\/v2\/types\/post"}],"author":[{"embeddable":true,"href":"https:\/\/www.newsrecorder.ro\/app\/wp-json\/wp\/v2\/users\/2"}],"replies":[{"embeddable":true,"href":"https:\/\/www.newsrecorder.ro\/app\/wp-json\/wp\/v2\/comments?post=7001"}],"version-history":[{"count":0,"href":"https:\/\/www.newsrecorder.ro\/app\/wp-json\/wp\/v2\/posts\/7001\/revisions"}],"wp:featuredmedia":[{"embeddable":true,"href":"https:\/\/www.newsrecorder.ro\/app\/wp-json\/wp\/v2\/media\/7002"}],"wp:attachment":[{"href":"https:\/\/www.newsrecorder.ro\/app\/wp-json\/wp\/v2\/media?parent=7001"}],"wp:term":[{"taxonomy":"category","embeddable":true,"href":"https:\/\/www.newsrecorder.ro\/app\/wp-json\/wp\/v2\/categories?post=7001"},{"taxonomy":"post_tag","embeddable":true,"href":"https:\/\/www.newsrecorder.ro\/app\/wp-json\/wp\/v2\/tags?post=7001"}],"curies":[{"name":"wp","href":"https:\/\/api.w.org\/{rel}","templated":true}]}}