{"id":7003,"date":"2026-03-06T22:00:36","date_gmt":"2026-03-06T22:00:36","guid":{"rendered":"https:\/\/www.newsrecorder.ro\/app\/2026\/03\/06\/oana-toiu-1-000-de-romani-repatriati-din-orient-clarificari-importante\/"},"modified":"2026-03-06T22:00:36","modified_gmt":"2026-03-06T22:00:36","slug":"oana-toiu-1-000-de-romani-repatriati-din-orient-clarificari-importante","status":"publish","type":"post","link":"https:\/\/www.newsrecorder.ro\/app\/2026\/03\/06\/oana-toiu-1-000-de-romani-repatriati-din-orient-clarificari-importante\/","title":{"rendered":"Oana \u021aoiu: 1.000 de rom\u00e2ni repatria\u021bi din Orient! Clarific\u0103ri importante"},"content":{"rendered":"<p>Ministrul a anun\u021bat c\u0103 recent a fost organizat <a href=\"https:\/\/www.mediafax.ro\/politic\/127-de-romani-afectati-de-criza-de-securitate-din-orientul-mijlociu-se-intorc-cu-un-zbor-de-evacuare-23698521\">primul zbor<\/a> de evacuare de c\u0103tre Rom\u00e2nia, utiliz\u00e2nd mecanismul european, facilit\u00e2nd repatrierea gratuit\u0103 at\u00e2t pentru cet\u0103\u021benii rom\u00e2ni, c\u00e2t \u0219i pentru al\u021bi europeni afla\u021bi \u00een regiune. De asemenea, Rom\u00e2nia a colaborat cu alte state europene pentru a evacua cet\u0103\u021beni rom\u00e2ni vulnerabili sau cu probleme medicale.<\/p>\n<p>Conform informa\u021biilor oferite de \u0219efa diploma\u021biei rom\u00e2ne, num\u0103rul total al rom\u00e2nilor care s-au \u00eentors din Orientul Mijlociu a dep\u0103\u0219it acum 1000 de persoane, datorit\u0103 acestei curse aeriene.<\/p>\n<p>Ministrul a mul\u021bumit echipei de criz\u0103 a Ministerului Afacerilor Externe, misiunilor diplomatice din \u021b\u0103rile afectate de conflict, echipajelor companiilor aeriene care au continuat s\u0103 opereze zboruri \u00een regiune, precum \u0219i agen\u021biilor de turism care au organizat repatrieri charter din fonduri private.<\/p>\n<p>De asemenea, \u0219efa diploma\u021biei a subliniat c\u0103 exist\u0103 \u00een continuare cet\u0103\u021beni rom\u00e2ni, inclusiv minori, care a\u0219teapt\u0103 s\u0103 se \u00eentoarc\u0103 \u00een siguran\u021b\u0103. Autorit\u0103\u021bile rom\u00e2ne sunt angajate \u00een continuarea eforturilor de evacuare a acestora. \u00cen regiunile unde situa\u021bia de securitate permite, au fost puse \u00een aplicare planuri de transfer terestru c\u0103tre \u021b\u0103ri cu spa\u021biul aerian deschis, urmate de repatrieri asistate.<\/p>\n<p>Ministrul a men\u021bionat c\u0103 un nou zbor de evacuare este preg\u0103tit, destinat \u00een special persoanelor vulnerabile sau aflate \u00een situa\u021bii de risc, \u00een cooperare cu partenerii europeni \u0219i cu sprijinul autorit\u0103\u021bilor din statele afectate.<\/p>\n<p>Oficialul a f\u0103cut un apel c\u0103tre rom\u00e2nii din regiune, \u00eendemn\u00e2ndu-i s\u0103 utilizeze, atunci c\u00e2nd este posibil, zborurile comerciale \u0219i s\u0103 nu a\u0219tepte zborurile speciale de evacuare. \u201eZborurile de evacuare sunt excep\u021bia \u0219i pot acoperi doar o mic\u0103 parte din totalul cazurilor din acest spa\u021biu\u201d, a explicat ministrul.<\/p>\n<p>Repatrierea se efectueaz\u0103, \u00een principal, prin planuri individuale \u0219i rute comerciale, cu asisten\u021b\u0103 consular\u0103. Num\u0103rul persoanelor acceptate pe zborurile speciale este limitat, \u00een func\u021bie de capacitatea aeronavelor \u0219i de cazurile raportate oficial.<\/p>\n<p>Ministrul a clarificat \u0219i informa\u021biile ap\u0103rute \u00een spa\u021biul public referitoare la alocarea locurilor \u00een avionul Muscat\u2013Otopeni, afirm\u00e2nd c\u0103 aeronava a fost complet ocupat\u0103 cu locuri alocate Rom\u00e2niei \u0219i a catalogat ca fiind fals\u0103 informa\u021bia potrivit c\u0103reia locurile nu ar fi fost utilizate la capacitate maxim\u0103.<\/p>\n<p>De asemenea, a subliniat c\u0103 rom\u00e2nii care au fost inclu\u0219i \u00een procesul de repatriere s-au \u00eenregistrat \u00een bazele de date comunicate de Ministerul Afacerilor Externe \u00eenc\u0103 de la \u00eenceputul crizei sau au trimis solicit\u0103ri c\u0103tre consulatele rom\u00e2ne\u0219ti.<\/p>\n<p>\u00cen acest context, oficialul a men\u021bionat c\u0103 \u00een aceste baze de date nu a fost identificat\u0103 nicio cerere de asisten\u021b\u0103 pentru o minor\u0103 ne\u00eenso\u021bit\u0103 \u0219i c\u0103 nu a existat nicio notificare \u00een aplica\u021bia de c\u0103l\u0103torii privind prezen\u021ba acesteia \u00een zona afectat\u0103.<\/p>\n<p>Ministrul a respins, de asemenea, informa\u021biile conform c\u0103rora <a href=\"https:\/\/www.mediafax.ro\/politic\/gandul-fata-minora-a-lui-victor-ponta-interzisa-la-imbarcarea-in-autocarul-care-transporta-copii-din-dubai-in-aeroportul-din-oman-pentru-a-i-aduce-acasa-23697776\">o minor\u0103 ar fi fost exclus\u0103 dintr-un autobuz sau avion<\/a> \u00een timpul opera\u021biunilor de evacuare, subliniind c\u0103 nu au fost raport\u0103ri care s\u0103 indice c\u0103 un astfel de incident s-ar fi petrecut \u00een cadrul transferurilor sau zborurilor organizate de autorit\u0103\u021bi sau asistate de echipele consulare.<\/p>\n<p>Conform \u0219efei diploma\u021biei, consulul din teren a adus ulterior \u00een discu\u021bie cazul unei minore ne\u00eenso\u021bite, iar ea a cerut ca orice modificare a listei de pasageri s\u0103 respecte regulile stabilite \u0219i criteriile de vulnerabilitate, asigur\u00e2ndu-se c\u0103 toate cazurile similare beneficiaz\u0103 de acela\u0219i tratament.<\/p>\n<p>Ministrul a ad\u0103ugat c\u0103, conform informa\u021biilor disponibile, zborul de evacuare nu a suferit modific\u0103ri fa\u021b\u0103 de confirm\u0103rile primite de la consulat \u0219i c\u0103 minora a avut disponibile op\u021biuni sigure de repatriere \u00eenc\u0103 din ziua de joi.<\/p>\n<p>Oficialul a subliniat c\u0103 prioritatea autorit\u0103\u021bilor r\u0103m\u00e2ne sprijinirea rom\u00e2nilor afla\u021bi \u00een situa\u021bii de risc, prin cre\u0219terea num\u0103rului de zboruri comerciale disponibile, prioritizarea cazurilor vulnerabile \u0219i asigurarea accesului transparent la informa\u021bii prin canalele oficiale.<\/p>\n","protected":false},"excerpt":{"rendered":"<p>Ministrul a anun\u021bat c\u0103 recent a fost organizat primul zbor de evacuare de c\u0103tre Rom\u00e2nia, utiliz\u00e2nd mecanismul european, facilit\u00e2nd repatrierea gratuit\u0103 at\u00e2t pentru cet\u0103\u021benii rom\u00e2ni, c\u00e2t \u0219i pentru al\u021bi europeni afla\u021bi \u00een regiune. De asemenea, Rom\u00e2nia a colaborat cu alte state europene pentru a evacua cet\u0103\u021beni rom\u00e2ni vulnerabili sau cu probleme medicale. Conform informa\u021biilor oferite [&hellip;]<\/p>\n","protected":false},"author":2,"featured_media":7004,"comment_status":"open","ping_status":"open","sticky":false,"template":"","format":"standard","meta":{"jnews-multi-image_gallery":[],"jnews_single_post":[],"jnews_primary_category":[],"jnews_override_counter":[],"footnotes":""},"categories":[39],"tags":[2403,1747,2179,359,2211,8735,523,4082],"class_list":["post-7003","post","type-post","status-publish","format-standard","has-post-thumbnail","hentry","category-stirile-zilei","tag-criza","tag-diplomatie","tag-evacuare","tag-ministerul-afacerilor-externe","tag-orientul-mijlociu","tag-repatriere","tag-romani","tag-zboruri"],"_links":{"self":[{"href":"https:\/\/www.newsrecorder.ro\/app\/wp-json\/wp\/v2\/posts\/7003","targetHints":{"allow":["GET"]}}],"collection":[{"href":"https:\/\/www.newsrecorder.ro\/app\/wp-json\/wp\/v2\/posts"}],"about":[{"href":"https:\/\/www.newsrecorder.ro\/app\/wp-json\/wp\/v2\/types\/post"}],"author":[{"embeddable":true,"href":"https:\/\/www.newsrecorder.ro\/app\/wp-json\/wp\/v2\/users\/2"}],"replies":[{"embeddable":true,"href":"https:\/\/www.newsrecorder.ro\/app\/wp-json\/wp\/v2\/comments?post=7003"}],"version-history":[{"count":0,"href":"https:\/\/www.newsrecorder.ro\/app\/wp-json\/wp\/v2\/posts\/7003\/revisions"}],"wp:featuredmedia":[{"embeddable":true,"href":"https:\/\/www.newsrecorder.ro\/app\/wp-json\/wp\/v2\/media\/7004"}],"wp:attachment":[{"href":"https:\/\/www.newsrecorder.ro\/app\/wp-json\/wp\/v2\/media?parent=7003"}],"wp:term":[{"taxonomy":"category","embeddable":true,"href":"https:\/\/www.newsrecorder.ro\/app\/wp-json\/wp\/v2\/categories?post=7003"},{"taxonomy":"post_tag","embeddable":true,"href":"https:\/\/www.newsrecorder.ro\/app\/wp-json\/wp\/v2\/tags?post=7003"}],"curies":[{"name":"wp","href":"https:\/\/api.w.org\/{rel}","templated":true}]}}