{"id":7018,"date":"2026-03-07T03:12:04","date_gmt":"2026-03-07T03:12:04","guid":{"rendered":"https:\/\/www.newsrecorder.ro\/app\/2026\/03\/07\/kelemen-hunor-riposteaza-zelenski-mesaj-inacceptabil-pentru-orban\/"},"modified":"2026-03-07T03:12:04","modified_gmt":"2026-03-07T03:12:04","slug":"kelemen-hunor-riposteaza-zelenski-mesaj-inacceptabil-pentru-orban","status":"publish","type":"post","link":"https:\/\/www.newsrecorder.ro\/app\/2026\/03\/07\/kelemen-hunor-riposteaza-zelenski-mesaj-inacceptabil-pentru-orban\/","title":{"rendered":"Kelemen Hunor riposteaz\u0103: Zelenski, mesaj inacceptabil pentru Orban!"},"content":{"rendered":"<p>Reac\u021bia liderului UDMR, Kelemen Hunor, a venit ca r\u0103spuns la criticile aduse de pre\u0219edintele ucrainean Volodimir Zelenski la adresa lui Viktor Orb\u00e1n, \u00een contextul bloc\u0103rii unui pachet financiar esen\u021bial pentru Ucraina, la nivelul Uniunii Europene.<\/p>\n<p>\u00centr-o postare pe Facebook scris\u0103 \u00een limba maghiar\u0103, Hunor a exprimat c\u0103 afirma\u021biile lui Zelenski sunt inacceptabile \u0219i necesit\u0103 o condamnare ferm\u0103. El a subliniat c\u0103, chiar \u0219i \u00een fa\u021ba unor divergente politice semnificative, exist\u0103 limite care nu ar trebui dep\u0103\u0219ite.<\/p>\n<p>\u201eExist\u0103 o limit\u0103 care nu poate fi dep\u0103\u0219it\u0103 nici m\u0103car \u00een cazul unei diferen\u021be de opinie politic\u0103. Amenin\u021barea adresat\u0103 prim-ministrului unei \u021b\u0103ri cu moartea reprezint\u0103 o astfel de limit\u0103. Acest comportament este inacceptabil \u0219i trebuie condamnat \u00een mod clar\u201d, a afirmat liderul UDMR.<\/p>\n<p>Kelemen Hunor a ad\u0103ugat c\u0103 mesajul lui Zelenski nu vizeaz\u0103 doar pe Viktor Orb\u00e1n, ci este o amenin\u021bare care afecteaz\u0103 \u00eentreaga comunitate maghiar\u0103. \u201eAmenin\u021barea pre\u0219edintelui Zelenski nu se adreseaz\u0103 doar lui Viktor Orb\u00e1n, ci transmite un mesaj \u00eentregii na\u021biuni maghiare\u201d, a subliniat acesta.<\/p>\n<p>Declara\u021biile lui Zelenski au fost formulate \u00een contextul bloc\u0103rii unei asisten\u021be financiare de aproximativ 90 de miliarde de euro pentru Ucraina. \u00cen timpul unei conferin\u021be de pres\u0103 la Kiev, Zelenski a criticat faptul c\u0103 o singur\u0103 persoan\u0103 din Uniunea European\u0103 are capacitatea de a bloca ajutoare esen\u021biale pentru armata ucrainean\u0103.<\/p>\n<p>\u201eSper\u0103m c\u0103 o anumit\u0103 persoan\u0103 din UE nu va continua s\u0103 blocheze cele 90 de miliarde sau prima tran\u0219\u0103 din aceast\u0103 sum\u0103, astfel \u00eenc\u00e2t solda\u021bii ucraineni s\u0103 aib\u0103 acces la arme\u201d, a declarat Zelenski. El a ad\u0103ugat, \u00eentr-o formulare interpretat\u0103 de unii ca o amenin\u021bare, c\u0103, \u00een caz contrar, Ucraina ar putea s\u0103 transmit\u0103 \u201eadresa acelei persoane\u201d armatei sale.<\/p>\n<p>\u201e\u00cen caz contrar, vom da adresa acestei persoane for\u021belor noastre armate, b\u0103ie\u021bilor no\u0219tri. S\u0103-l sune \u0219i s\u0103 vorbeasc\u0103 cu el, pe limba lor\u201d, a continuat pre\u0219edintele ucrainean, provoc\u00e2nd controverse \u00een r\u00e2ndurile politice.<\/p>\n<p>Kelemen Hunor a avertizat c\u0103 astfel de declara\u021bii risc\u0103 s\u0103 amplifice tensiunile politice \u00een regiune. Conform liderului UDMR, retorica amenin\u021b\u0103toare nu ajut\u0103 la solu\u021bionarea problemelor politice, ci, dimpotriv\u0103, contribuie la intensificarea conflictului \u0219i polariz\u0103rii. \u201e\u00centr-o situa\u021bie deja tensionat\u0103, retorica amenin\u021b\u0103toare nu face dec\u00e2t s\u0103 creasc\u0103 \u0219i mai mult tensiunea. De aceea, este esen\u021bial s\u0103 afirm\u0103m clar: asemenea declara\u021bii nu \u00ee\u0219i au locul \u00eentr-o dezbatere politic\u0103\u201d, a concluzionat acesta.<\/p>\n","protected":false},"excerpt":{"rendered":"<p>Reac\u021bia liderului UDMR, Kelemen Hunor, a venit ca r\u0103spuns la criticile aduse de pre\u0219edintele ucrainean Volodimir Zelenski la adresa lui Viktor Orb\u00e1n, \u00een contextul bloc\u0103rii unui pachet financiar esen\u021bial pentru Ucraina, la nivelul Uniunii Europene. \u00centr-o postare pe Facebook scris\u0103 \u00een limba maghiar\u0103, Hunor a exprimat c\u0103 afirma\u021biile lui Zelenski sunt inacceptabile \u0219i necesit\u0103 o [&hellip;]<\/p>\n","protected":false},"author":2,"featured_media":7019,"comment_status":"open","ping_status":"open","sticky":false,"template":"","format":"standard","meta":{"jnews-multi-image_gallery":[],"jnews_single_post":[],"jnews_primary_category":[],"jnews_override_counter":[],"footnotes":""},"categories":[42],"tags":[9900,9901,4999,378,9902,379,2103,1087],"class_list":["post-7018","post","type-post","status-publish","format-standard","has-post-thumbnail","hentry","category-politica","tag-blocare-pachet-financiar","tag-comunitate-maghiara","tag-critica","tag-kelemen-hunor","tag-limita-politica","tag-udmr","tag-viktor-orban","tag-volodimir-zelenski"],"_links":{"self":[{"href":"https:\/\/www.newsrecorder.ro\/app\/wp-json\/wp\/v2\/posts\/7018","targetHints":{"allow":["GET"]}}],"collection":[{"href":"https:\/\/www.newsrecorder.ro\/app\/wp-json\/wp\/v2\/posts"}],"about":[{"href":"https:\/\/www.newsrecorder.ro\/app\/wp-json\/wp\/v2\/types\/post"}],"author":[{"embeddable":true,"href":"https:\/\/www.newsrecorder.ro\/app\/wp-json\/wp\/v2\/users\/2"}],"replies":[{"embeddable":true,"href":"https:\/\/www.newsrecorder.ro\/app\/wp-json\/wp\/v2\/comments?post=7018"}],"version-history":[{"count":0,"href":"https:\/\/www.newsrecorder.ro\/app\/wp-json\/wp\/v2\/posts\/7018\/revisions"}],"wp:featuredmedia":[{"embeddable":true,"href":"https:\/\/www.newsrecorder.ro\/app\/wp-json\/wp\/v2\/media\/7019"}],"wp:attachment":[{"href":"https:\/\/www.newsrecorder.ro\/app\/wp-json\/wp\/v2\/media?parent=7018"}],"wp:term":[{"taxonomy":"category","embeddable":true,"href":"https:\/\/www.newsrecorder.ro\/app\/wp-json\/wp\/v2\/categories?post=7018"},{"taxonomy":"post_tag","embeddable":true,"href":"https:\/\/www.newsrecorder.ro\/app\/wp-json\/wp\/v2\/tags?post=7018"}],"curies":[{"name":"wp","href":"https:\/\/api.w.org\/{rel}","templated":true}]}}