{"id":7020,"date":"2026-03-07T03:12:50","date_gmt":"2026-03-07T03:12:50","guid":{"rendered":"https:\/\/www.newsrecorder.ro\/app\/2026\/03\/07\/fiica-lui-ponta-si-sarbu-lipseste-din-evidentele-consulare-ce-se-intampla\/"},"modified":"2026-03-07T03:12:50","modified_gmt":"2026-03-07T03:12:50","slug":"fiica-lui-ponta-si-sarbu-lipseste-din-evidentele-consulare-ce-se-intampla","status":"publish","type":"post","link":"https:\/\/www.newsrecorder.ro\/app\/2026\/03\/07\/fiica-lui-ponta-si-sarbu-lipseste-din-evidentele-consulare-ce-se-intampla\/","title":{"rendered":"Fiica lui Ponta \u0219i S\u00e2rbu lipse\u0219te din eviden\u021bele consulare! Ce se \u00eent\u00e2mpl\u0103?"},"content":{"rendered":"<p>\u00cen cadrul zborului de evacuare, au fost prezen\u021bi \u0219i trei bebelu\u0219i, a declarat Andrei \u021a\u0103rnea, purt\u0103torul de cuv\u00e2nt al Ministerului Afacerilor Externe (MAE).<\/p>\n<p>\u021a\u0103rnea a explicat circumstan\u021bele \u00een care fiica Dacianei S\u00e2rbu \u0219i a lui Victor Ponta nu a reu\u0219it s\u0103 aib\u0103 un loc rezervat pe aeronava care ar fi trebuit s\u0103 o aduc\u0103 din Dubai la Bucure\u0219ti. Potrivit acestuia, nu au existat trei locuri disponibile, deoarece cei trei bebelu\u0219i erau \u00eenso\u021bi\u021bi de p\u0103rin\u021bi.<\/p>\n<p>\u201eInterpretarea mecanismului european este diferit\u0103. Acesta nu se refer\u0103 la locuri \u0219i persoane \u00een avion, nu discut\u0103 despre scaune sau cine unde st\u0103, ci alocarea se face pe baza num\u0103rului de persoane. C\u00e2nd se face alocarea, nu se \u0219tie dac\u0103 va fi o persoan\u0103 de o anumit\u0103 v\u00e2rst\u0103 sau alta, deoarece planificarea \u0219i situa\u021bia operativ\u0103 sunt elemente distincte. Nicio persoan\u0103 de pe lista planificat\u0103 de Rom\u00e2nia nu a fost exclus\u0103 de la acest zbor\u201d, a subliniat \u021a\u0103rnea.<\/p>\n<p>MAE a confirmat c\u0103 Irina Ponta nu figura pe lista de pasageri, motiv pentru care nu a fost exclus\u0103.<\/p>\n<p>\u00centrebat despre informa\u021biile conform c\u0103rora Irina Ponta se afla pe list\u0103 \u00eenc\u0103 de s\u00e2mb\u0103t\u0103 \u0219i a fost eliminat\u0103 joi, \u021a\u0103rnea a reafirmat c\u0103 \u201enicio persoan\u0103 nu a fost scoas\u0103\u201d \u0219i a refuzat s\u0103 comenteze cazuri individuale, ad\u0103ug\u00e2nd c\u0103 \u201enicio persoan\u0103 comunicat\u0103 de Rom\u00e2nia nu a fost privat\u0103 de accesul la acest zbor\u201d.<\/p>\n<p>Pe de alt\u0103 parte, c\u00e2nd a fost \u00eentrebat dac\u0103 ministrul Oana \u021aoiu a contactat consulul din Dubai pentru a interveni \u00een favoarea Irinei Ponta, \u021a\u0103rnea a afirmat: \u201eNu! A\u0219a cum doamna ministru a confirmat anterior, a avut o discu\u021bie cu consulul \u00een contextul organiz\u0103rii unui zbor special, subliniind importan\u021ba respect\u0103rii principiilor stabilite pentru listele de \u00eembarcare\u201d.<\/p>\n<p>\u201eAm men\u021bionat c\u0103 doamna ministru a discutat cu domnul consul \u00een leg\u0103tur\u0103 cu preg\u0103tirea primului zbor de evacuare pentru cet\u0103\u021benii rom\u00e2ni din zona conflictului \u0219i a reamintit importan\u021ba principiilor de organizare a acestor zboruri\u201d, a ad\u0103ugat \u021a\u0103rnea.<\/p>\n<p>Referitor la eventualele demersuri \u00eentreprinse de MAE \u00eentre joi \u0219i vineri, pentru a facilita zborul Irinei Ponta din Dubai, \u021a\u0103rnea a r\u0103spuns c\u0103 nu are informa\u021bii despre aeronava cu care urma s\u0103 c\u0103l\u0103toreasc\u0103 aceasta.<\/p>\n<p>\u201eNu voi comenta cazuri individuale, dar vreau s\u0103 subliniez c\u0103 nicio persoan\u0103, cet\u0103\u021bean rom\u00e2n, minor sau care solicit\u0103 asisten\u021b\u0103 consular\u0103, nu este refuzat\u0103. De asemenea, nu cred c\u0103 vreun coleg consul sau diplomat ar ignora o solicitare de asisten\u021b\u0103 din partea unui minor rom\u00e2n\u201d, a precizat el.<\/p>\n<p>\u00cen cele din urm\u0103, Irina Ponta s-a \u00eentors \u00een \u021bar\u0103 vineri, utiliz\u00e2nd un zbor comercial.<\/p>\n<p>P\u0103rin\u021bii s\u0103i sus\u021bin c\u0103 minora figureaz\u0103 pe o list\u0103 pentru repatriere.<\/p>\n<p>\u00centrebat despre lista pe care se afla fiica lui Victor Ponta, av\u00e2nd \u00een vedere c\u0103 aceasta s-a prezentat la consulat la ora 9 \u0219i a fost informat\u0103 la ora 11 c\u0103 nu poate c\u0103l\u0103tori spre Rom\u00e2nia, \u021a\u0103rnea a declarat c\u0103 nu are detalii, dar a confirmat c\u0103 \u201epersoana la care face\u021bi referire nu apare \u00een eviden\u021bele Ministerului Afacerilor Externe \u00een sistemul e-consular\u201d, ceea ce \u00eenseamn\u0103 c\u0103 \u201enu este \u00eenregistrat\u0103 \u00een acest sistem\u201d.<\/p>\n<p>Astfel, fiica fostului prim-ministru Victor Ponta a revenit \u00een \u021bar\u0103 cu un zbor comercial.<\/p>\n","protected":false},"excerpt":{"rendered":"<p>\u00cen cadrul zborului de evacuare, au fost prezen\u021bi \u0219i trei bebelu\u0219i, a declarat Andrei \u021a\u0103rnea, purt\u0103torul de cuv\u00e2nt al Ministerului Afacerilor Externe (MAE). \u021a\u0103rnea a explicat circumstan\u021bele \u00een care fiica Dacianei S\u00e2rbu \u0219i a lui Victor Ponta nu a reu\u0219it s\u0103 aib\u0103 un loc rezervat pe aeronava care ar fi trebuit s\u0103 o aduc\u0103 din [&hellip;]<\/p>\n","protected":false},"author":2,"featured_media":7021,"comment_status":"open","ping_status":"open","sticky":false,"template":"","format":"standard","meta":{"jnews-multi-image_gallery":[],"jnews_single_post":[],"jnews_primary_category":[],"jnews_override_counter":[],"footnotes":""},"categories":[42],"tags":[9907,9904,9905,8842,9906,359,9560,9903],"class_list":["post-7020","post","type-post","status-publish","format-standard","has-post-thumbnail","hentry","category-politica","tag-alocare-persoane","tag-bebelusi","tag-daciana-sarbu","tag-locuri-disponibile","tag-mecanism-european","tag-ministerul-afacerilor-externe","tag-victor-ponta","tag-zbor-de-evacuare"],"_links":{"self":[{"href":"https:\/\/www.newsrecorder.ro\/app\/wp-json\/wp\/v2\/posts\/7020","targetHints":{"allow":["GET"]}}],"collection":[{"href":"https:\/\/www.newsrecorder.ro\/app\/wp-json\/wp\/v2\/posts"}],"about":[{"href":"https:\/\/www.newsrecorder.ro\/app\/wp-json\/wp\/v2\/types\/post"}],"author":[{"embeddable":true,"href":"https:\/\/www.newsrecorder.ro\/app\/wp-json\/wp\/v2\/users\/2"}],"replies":[{"embeddable":true,"href":"https:\/\/www.newsrecorder.ro\/app\/wp-json\/wp\/v2\/comments?post=7020"}],"version-history":[{"count":0,"href":"https:\/\/www.newsrecorder.ro\/app\/wp-json\/wp\/v2\/posts\/7020\/revisions"}],"wp:featuredmedia":[{"embeddable":true,"href":"https:\/\/www.newsrecorder.ro\/app\/wp-json\/wp\/v2\/media\/7021"}],"wp:attachment":[{"href":"https:\/\/www.newsrecorder.ro\/app\/wp-json\/wp\/v2\/media?parent=7020"}],"wp:term":[{"taxonomy":"category","embeddable":true,"href":"https:\/\/www.newsrecorder.ro\/app\/wp-json\/wp\/v2\/categories?post=7020"},{"taxonomy":"post_tag","embeddable":true,"href":"https:\/\/www.newsrecorder.ro\/app\/wp-json\/wp\/v2\/tags?post=7020"}],"curies":[{"name":"wp","href":"https:\/\/api.w.org\/{rel}","templated":true}]}}