{"id":7026,"date":"2026-03-07T03:41:07","date_gmt":"2026-03-07T03:41:07","guid":{"rendered":"https:\/\/www.newsrecorder.ro\/app\/2026\/03\/07\/rogobete-spitalele-au-nevoie-urgenta-de-reforma-dupa-30-de-ani\/"},"modified":"2026-03-07T03:41:07","modified_gmt":"2026-03-07T03:41:07","slug":"rogobete-spitalele-au-nevoie-urgenta-de-reforma-dupa-30-de-ani","status":"publish","type":"post","link":"https:\/\/www.newsrecorder.ro\/app\/2026\/03\/07\/rogobete-spitalele-au-nevoie-urgenta-de-reforma-dupa-30-de-ani\/","title":{"rendered":"Rogobete: Spitalele au nevoie urgent\u0103 de reform\u0103 dup\u0103 30 de ani!"},"content":{"rendered":"<p>Ministrul S\u0103n\u0103t\u0103\u021bii, Alexandru Rogobete, a abordat vineri, \u00een cadrul emisiunii \u201eAtitudini\u201d de la G\u00e2ndul, o provocare major\u0103 cu care se confrunt\u0103 sistemul medical rom\u00e2nesc: rec\u00e2\u0219tigarea \u00eencrederii pacien\u021bilor, afectat\u0103 profund \u00een ultimii ani de crizele din domeniu \u0219i de impactul pandemiei.<\/p>\n<p>\u201eAm mare \u00eencredere \u00een necesitatea de a reorganiza anumite aspecte. Nu cred c\u0103 totul este gre\u0219it \u0219i c\u0103 trebuie schimbat din temelii; dimpotriv\u0103, exist\u0103 \u0219i lucruri care func\u021bioneaz\u0103 bine \u0219i care sunt \u00een curs de transformare. Totu\u0219i, un element esen\u021bial este \u00eencrederea popula\u021biei \u00een sistemul de s\u0103n\u0103tate, \u00een medicin\u0103 \u0219i \u00een tratamentele moderne. Aceast\u0103 \u00eencredere a fost grav afectat\u0103 dup\u0103 pandemie, iar recuperarea este un proces lent. Nu pun responsabilitatea doar pe pandemie; de-a lungul timpului, toate problemele, nedrept\u0103\u021bile \u0219i inechit\u0103\u021bile din sistem, precum \u0219i sentimentul pacien\u021bilor c\u0103 deranjeaz\u0103 atunci c\u00e2nd solicit\u0103 ajutorul spitalelor, au condus la o sc\u0103dere semnificativ\u0103 a \u00eencrederii \u00een serviciile medicale\u201d, a declarat Rogobete \u00een emisiunea de la G\u00e2ndul.<\/p>\n<p>Ministrul a subliniat c\u0103 deteriorarea rela\u021biei dintre pacien\u021bi \u0219i personalul medical este tot mai vizibil\u0103 \u00een spa\u021biul public. \u201eExist\u0103 cazuri de medici agresa\u021bi \u00een timpul g\u0103rzilor \u0219i atitudini necorespunz\u0103toare din partea medicilor fa\u021b\u0103 de pacien\u021bi. Toate aceste aspecte se leag\u0103 de \u00eencrederea \u00een sistem. Nu putem construi spitale noi sau introduce medicamente compensate dac\u0103 nu avem o funda\u021bie solid\u0103 pentru rela\u021bia pacient-medic\u201d, a explicat el.<\/p>\n<p>Un alt obiectiv pe agenda ministrului este reorganizarea func\u021bion\u0103rii spitalelor, un sistem care nu a suferit modific\u0103ri semnificative de mul\u021bi ani. \u201eUn al doilea obiectiv, pe care l-am \u0219i \u00eenceput, este reorganizarea modului \u00een care func\u021bioneaz\u0103 spitalele din Rom\u00e2nia. Aceste institu\u021bii nu au mai fost reg\u00e2ndite sau reorganizate de peste 30 de ani\u201d, a afirmat Rogobete.<\/p>\n<p>\u00cen ceea ce prive\u0219te descentralizarea administrativ\u0103 a spitalelor, ministrul a subliniat c\u0103 principalul obstacol const\u0103 \u00een lipsa instrumentelor necesare pentru o coordonare eficient\u0103 din partea ministerului. \u201eNu inten\u021bionez s\u0103 preiau spitalele \u00eenapoi la Ministerul S\u0103n\u0103t\u0103\u021bii. Ceea ce \u00eemi doresc este ca ministerul s\u0103 aib\u0103 o coordonare operativ\u0103 a resurselor umane \u0219i a performan\u021bei \u00een aceste unit\u0103\u021bi sanitare. Nu am un cuv\u00e2nt de spus \u00een numirea managerilor sau a \u0219efilor de sec\u021bie, nici \u00een organizarea licita\u021biilor. Totu\u0219i, eu sunt cel care trebuie s\u0103 r\u0103spund atunci c\u00e2nd apar probleme\u201d, a concluzionat Rogobete. <\/p>\n","protected":false},"excerpt":{"rendered":"<p>Ministrul S\u0103n\u0103t\u0103\u021bii, Alexandru Rogobete, a abordat vineri, \u00een cadrul emisiunii \u201eAtitudini\u201d de la G\u00e2ndul, o provocare major\u0103 cu care se confrunt\u0103 sistemul medical rom\u00e2nesc: rec\u00e2\u0219tigarea \u00eencrederii pacien\u021bilor, afectat\u0103 profund \u00een ultimii ani de crizele din domeniu \u0219i de impactul pandemiei. \u201eAm mare \u00eencredere \u00een necesitatea de a reorganiza anumite aspecte. Nu cred c\u0103 totul este [&hellip;]<\/p>\n","protected":false},"author":2,"featured_media":7027,"comment_status":"open","ping_status":"open","sticky":false,"template":"","format":"standard","meta":{"jnews-multi-image_gallery":[],"jnews_single_post":[],"jnews_primary_category":[],"jnews_override_counter":[],"footnotes":""},"categories":[42],"tags":[9915,9913,711,9917,9914,3563,9916],"class_list":["post-7026","post","type-post","status-publish","format-standard","has-post-thumbnail","hentry","category-politica","tag-crize-medicale","tag-incredere-pacienti","tag-pandemie","tag-recuperare-incredere","tag-reforma-sanatate","tag-sistem-medical","tag-tratamente-moderne"],"_links":{"self":[{"href":"https:\/\/www.newsrecorder.ro\/app\/wp-json\/wp\/v2\/posts\/7026","targetHints":{"allow":["GET"]}}],"collection":[{"href":"https:\/\/www.newsrecorder.ro\/app\/wp-json\/wp\/v2\/posts"}],"about":[{"href":"https:\/\/www.newsrecorder.ro\/app\/wp-json\/wp\/v2\/types\/post"}],"author":[{"embeddable":true,"href":"https:\/\/www.newsrecorder.ro\/app\/wp-json\/wp\/v2\/users\/2"}],"replies":[{"embeddable":true,"href":"https:\/\/www.newsrecorder.ro\/app\/wp-json\/wp\/v2\/comments?post=7026"}],"version-history":[{"count":0,"href":"https:\/\/www.newsrecorder.ro\/app\/wp-json\/wp\/v2\/posts\/7026\/revisions"}],"wp:featuredmedia":[{"embeddable":true,"href":"https:\/\/www.newsrecorder.ro\/app\/wp-json\/wp\/v2\/media\/7027"}],"wp:attachment":[{"href":"https:\/\/www.newsrecorder.ro\/app\/wp-json\/wp\/v2\/media?parent=7026"}],"wp:term":[{"taxonomy":"category","embeddable":true,"href":"https:\/\/www.newsrecorder.ro\/app\/wp-json\/wp\/v2\/categories?post=7026"},{"taxonomy":"post_tag","embeddable":true,"href":"https:\/\/www.newsrecorder.ro\/app\/wp-json\/wp\/v2\/tags?post=7026"}],"curies":[{"name":"wp","href":"https:\/\/api.w.org\/{rel}","templated":true}]}}