{"id":7032,"date":"2026-03-07T06:23:36","date_gmt":"2026-03-07T06:23:36","guid":{"rendered":"https:\/\/www.newsrecorder.ro\/app\/2026\/03\/07\/sursa-armata-sua-planuia-atac-in-apropierea-scolii-iraniene-bombardate\/"},"modified":"2026-03-07T06:23:36","modified_gmt":"2026-03-07T06:23:36","slug":"sursa-armata-sua-planuia-atac-in-apropierea-scolii-iraniene-bombardate","status":"publish","type":"post","link":"https:\/\/www.newsrecorder.ro\/app\/2026\/03\/07\/sursa-armata-sua-planuia-atac-in-apropierea-scolii-iraniene-bombardate\/","title":{"rendered":"Sursa: Armata SUA pl\u0103nuia atac \u00een apropierea \u0219colii iraniene bombardate"},"content":{"rendered":"<p>La \u00eenceputul s\u0103pt\u0103m\u00e2nii trecute, o \u0219coal\u0103 din Iran a fost bombardat\u0103, marc\u00e2nd \u00eenceputul atacurilor coordonate \u00eentre Statele Unite \u0219i Israel \u00eempotriva \u021b\u0103rii. \u00cen urma acestui incident tragic, zeci de elevi \u0219i-au pierdut via\u021ba. La o s\u0103pt\u0103m\u00e2n\u0103 de la atac, noi detalii au ie\u0219it la iveal\u0103 cu privire la responsabilitatea pentru aceast\u0103 tragedie.<\/p>\n<p>Oficiali din cadrul administra\u021biei Trump au informat membri ai Congresului, \u00een cadrul unei \u0219edin\u021be cu u\u0219ile \u00eenchise, c\u0103 Statele Unite au vizat acea zon\u0103, conform a dou\u0103 surse americane citate de <a style=\"color: #0000ff\" href=\"https:\/\/www.nbcnews.com\/world\/iran\/iran-school-strike-us-military-targeted-area-rcna261888\" target=\"_blank\" rel=\"noopener\">NBC News<\/a>.<\/p>\n<p>De asemenea, ace\u0219tia au precizat c\u0103 Israelul nu este responsabil pentru atacul asupra \u0219colii, conform informa\u021biilor ob\u021binute de NBC News.<\/p>\n<p>Este important de men\u021bionat c\u0103 <strong>\u0219coala era situat\u0103 pe o fost\u0103 baz\u0103 a G\u0103rzii Revolu\u021bionare Islamice, care a fost \u00eenchis\u0103 cu 15 ani \u00een urm\u0103<\/strong>.<\/p>\n<p>\u00cen prezent, o anchet\u0103 este \u00een desf\u0103\u0219urare. De\u0219i Statele Unite nu \u0219i-au asumat responsabilitatea pentru acest atac, concluziile preliminare ale administra\u021biei Trump sugereaz\u0103 o probabilitate cresc\u00e2nd\u0103 ca muni\u021bii americane s\u0103 fi fost utilizate \u00een incident, a ad\u0103ugat NBC News. O investiga\u021bie militar\u0103 american\u0103 este activ\u0103 \u00een acest moment.<\/p>\n<p>\u00cen cadrul unei conferin\u021be de pres\u0103 s\u0103pt\u0103m\u00e2na aceasta, secretarul american al Ap\u0103r\u0103rii, Pete Hegseth, a declarat c\u0103 Washingtonul continu\u0103 s\u0103 \u201einvestigheze\u201d acest incident.<\/p>\n<p>\u201eDesigur, noi nu viz\u0103m niciodat\u0103 \u021binte civile, dar analiz\u0103m \u0219i investig\u0103m acest incident\u201d, a declarat Hegseth, conform surselor citate.<\/p>\n<p>Dup\u0103 atac, exper\u021bi \u00een arme \u0219i conflicte, consulta\u021bi de NBC News, au men\u021bionat c\u0103 imaginile din satelit p\u0103reau s\u0103 indice un atac \u021bintit. Totu\u0219i, al\u021bii subliniaz\u0103 c\u0103, f\u0103r\u0103 a cunoa\u0219te \u021binta vizat\u0103, este dificil s\u0103 se determine dac\u0103 pagubele reflectau lovituri \u201eprecise\u201d.<\/p>\n<p>Vineri, <a style=\"color: #0000ff\" href=\"https:\/\/www.mediafax.ro\/externe\/reuters-o-ancheta-americana-indica-o-posibila-responsabilitate-a-sua-in-atacul-asupra-unei-scoli-de-fete-din-iran-23698241\">Reuters<\/a> a raportat, cit\u00e2nd dou\u0103 surse oficiale americane, c\u0103 evaluarea preliminar\u0103 sugereaz\u0103 posibilitatea ca for\u021bele americane s\u0103 fi fost implicate \u00een <a style=\"color: #0000ff\" href=\"https:\/\/www.mediafax.ro\/stirile-zilei\/onu-bombardamentul-de-la-scoala-de-fete-din-iran-ar-putea-fi-considerat-crima-de-razboi-23696446\">atacul asupra unei \u0219coli de fete din ora\u0219ul Minab<\/a>.<\/p>\n","protected":false},"excerpt":{"rendered":"<p>La \u00eenceputul s\u0103pt\u0103m\u00e2nii trecute, o \u0219coal\u0103 din Iran a fost bombardat\u0103, marc\u00e2nd \u00eenceputul atacurilor coordonate \u00eentre Statele Unite \u0219i Israel \u00eempotriva \u021b\u0103rii. \u00cen urma acestui incident tragic, zeci de elevi \u0219i-au pierdut via\u021ba. La o s\u0103pt\u0103m\u00e2n\u0103 de la atac, noi detalii au ie\u0219it la iveal\u0103 cu privire la responsabilitatea pentru aceast\u0103 tragedie. Oficiali din cadrul [&hellip;]<\/p>\n","protected":false},"author":2,"featured_media":7033,"comment_status":"open","ping_status":"open","sticky":false,"template":"","format":"standard","meta":{"jnews-multi-image_gallery":[],"jnews_single_post":[],"jnews_primary_category":[],"jnews_override_counter":[],"footnotes":""},"categories":[41],"tags":[3322,817,1084,913,268,8154,680,694],"class_list":["post-7032","post","type-post","status-publish","format-standard","has-post-thumbnail","hentry","category-externe","tag-administratia-trump","tag-ancheta","tag-atacuri","tag-iran","tag-israel","tag-scoala","tag-statele-unite","tag-victime"],"_links":{"self":[{"href":"https:\/\/www.newsrecorder.ro\/app\/wp-json\/wp\/v2\/posts\/7032","targetHints":{"allow":["GET"]}}],"collection":[{"href":"https:\/\/www.newsrecorder.ro\/app\/wp-json\/wp\/v2\/posts"}],"about":[{"href":"https:\/\/www.newsrecorder.ro\/app\/wp-json\/wp\/v2\/types\/post"}],"author":[{"embeddable":true,"href":"https:\/\/www.newsrecorder.ro\/app\/wp-json\/wp\/v2\/users\/2"}],"replies":[{"embeddable":true,"href":"https:\/\/www.newsrecorder.ro\/app\/wp-json\/wp\/v2\/comments?post=7032"}],"version-history":[{"count":0,"href":"https:\/\/www.newsrecorder.ro\/app\/wp-json\/wp\/v2\/posts\/7032\/revisions"}],"wp:featuredmedia":[{"embeddable":true,"href":"https:\/\/www.newsrecorder.ro\/app\/wp-json\/wp\/v2\/media\/7033"}],"wp:attachment":[{"href":"https:\/\/www.newsrecorder.ro\/app\/wp-json\/wp\/v2\/media?parent=7032"}],"wp:term":[{"taxonomy":"category","embeddable":true,"href":"https:\/\/www.newsrecorder.ro\/app\/wp-json\/wp\/v2\/categories?post=7032"},{"taxonomy":"post_tag","embeddable":true,"href":"https:\/\/www.newsrecorder.ro\/app\/wp-json\/wp\/v2\/tags?post=7032"}],"curies":[{"name":"wp","href":"https:\/\/api.w.org\/{rel}","templated":true}]}}