{"id":7062,"date":"2026-03-07T10:28:36","date_gmt":"2026-03-07T10:28:36","guid":{"rendered":"https:\/\/www.newsrecorder.ro\/app\/2026\/03\/07\/pamantul-se-incalzeste-alarmant-un-nou-studiu-dezvaluie-date-ingrijoratoare\/"},"modified":"2026-03-07T10:28:36","modified_gmt":"2026-03-07T10:28:36","slug":"pamantul-se-incalzeste-alarmant-un-nou-studiu-dezvaluie-date-ingrijoratoare","status":"publish","type":"post","link":"https:\/\/www.newsrecorder.ro\/app\/2026\/03\/07\/pamantul-se-incalzeste-alarmant-un-nou-studiu-dezvaluie-date-ingrijoratoare\/","title":{"rendered":"P\u0103m\u00e2ntul se \u00eenc\u0103lze\u0219te alarmant: un nou studiu dezv\u0103luie date \u00eengrijor\u0103toare"},"content":{"rendered":"<p>P\u0103m\u00e2ntul se confrunt\u0103 cu o \u00eenc\u0103lzire accelerat\u0103, mai rapid\u0103 dec\u00e2t estim\u0103rile anterioare, conform unui studiu recent publicat \u00een revista \u0219tiin\u021bific\u0103 <em>Geophysical Research Letters<\/em>.<\/p>\n<p>Conform datelor ob\u021binute, ultimele decenii au adus o accelerare semnificativ\u0103 a \u00eenc\u0103lzirii globale. Temperaturile au crescut \u00eentr-un ritm mai rapid din anul 2015, dep\u0103\u0219ind toate ratele \u00eenregistrate \u00een deceniile anterioare, a\u0219a cum informeaz\u0103 <a style=\"color: #0000ff\" href=\"https:\/\/www.bloomberg.com\/news\/articles\/2026-03-06\/earth-is-warming-faster-than-previously-estimated-new-study-shows\" target=\"_blank\" rel=\"noopener\">Bloomberg<\/a>.<\/p>\n<p>Studiul relev\u0103 o schimbare notabil\u0103 \u00een ratele de \u00eenc\u0103lzire: de la o medie de sub 0,2\u00b0C pe deceniu \u00eentre 1970 \u0219i 2015, am ajuns la aproximativ 0,35\u00b0C pe deceniu \u00een ultimul deceniu.<\/p>\n<p>Aceste concluzii vin pe fondul celor mai c\u0103lduroase trei ani \u00eenregistrate vreodat\u0103, comparativ cu valorile medii de dinaintea Revolu\u021biei Industriale. Anul 2024 a marcat o dep\u0103\u0219ire a pragului de 1,5\u00b0C, limita inferioar\u0103 stabilit\u0103 prin Acordul de la Paris. Autorii studiului subliniaz\u0103 c\u0103 dep\u0103\u0219irea acestei valori \u00eentr-un singur an indic\u0103 faptul c\u0103 m\u0103surile luate pentru a combate schimb\u0103rile climatice nu au fost suficiente.<\/p>\n<h2>Cercetarea \u0219i metodele utilizate<\/h2>\n<p>Autorii studiului au pornit de la temperaturile record \u00eenregistrate recent, \u00eentreb\u00e2ndu-se dac\u0103 aceast\u0103 cre\u0219tere este rezultatul unui ritm accelerat. Stabilirea acestei corela\u021bii a fost o provocare, av\u00e2nd \u00een vedere fluctua\u021biile naturale ale temperaturilor.<\/p>\n<p>Pentru a ob\u021bine rezultate clare, cercet\u0103torii au exclus influen\u021bele externe, cum ar fi fenomenele meteorologice El Ni\u00f1o, erup\u021biile vulcanice \u0219i varia\u021biile radia\u021biei solare. Analiz\u00e2nd cre\u0219terile de temperatur\u0103 f\u0103r\u0103 aceste influen\u021be, au g\u0103sit dovezi \u201eputernice\u201d c\u0103 \u00eenc\u0103lzirea accelerat\u0103 nu este cauzat\u0103 doar de anii excep\u021bional de calzi din 2023 \u0219i 2024, ci \u0219i de o deviere de la traiectoria normal\u0103 a temperaturilor globale \u00eencep\u00e2nd cu 2015.<\/p>\n<p>Stefan Rahmstorf, autorul principal al studiului, a avertizat: \u201eDac\u0103 ritmul de \u00eenc\u0103lzire din ultimul deceniu va continua, este foarte probabil s\u0103 dep\u0103\u0219im pe termen lung limita de 1,5 \u00b0C stabilit\u0103 prin Acordul de la Paris \u00eenainte de anul 2030.\u201d<\/p>\n","protected":false},"excerpt":{"rendered":"<p>P\u0103m\u00e2ntul se confrunt\u0103 cu o \u00eenc\u0103lzire accelerat\u0103, mai rapid\u0103 dec\u00e2t estim\u0103rile anterioare, conform unui studiu recent publicat \u00een revista \u0219tiin\u021bific\u0103 Geophysical Research Letters. Conform datelor ob\u021binute, ultimele decenii au adus o accelerare semnificativ\u0103 a \u00eenc\u0103lzirii globale. Temperaturile au crescut \u00eentr-un ritm mai rapid din anul 2015, dep\u0103\u0219ind toate ratele \u00eenregistrate \u00een deceniile anterioare, a\u0219a cum [&hellip;]<\/p>\n","protected":false},"author":2,"featured_media":7063,"comment_status":"open","ping_status":"open","sticky":false,"template":"","format":"standard","meta":{"jnews-multi-image_gallery":[],"jnews_single_post":[],"jnews_primary_category":[],"jnews_override_counter":[],"footnotes":""},"categories":[39],"tags":[9977,8648,9978,9976,8646,1641,9975,126],"class_list":["post-7062","post","type-post","status-publish","format-standard","has-post-thumbnail","hentry","category-stirile-zilei","tag-1-5c","tag-acordul-de-la-paris","tag-decenii","tag-geophysical-research-letters","tag-incalzire-globala","tag-schimbari-climatice","tag-studiu-stiintific","tag-temperaturi"],"_links":{"self":[{"href":"https:\/\/www.newsrecorder.ro\/app\/wp-json\/wp\/v2\/posts\/7062","targetHints":{"allow":["GET"]}}],"collection":[{"href":"https:\/\/www.newsrecorder.ro\/app\/wp-json\/wp\/v2\/posts"}],"about":[{"href":"https:\/\/www.newsrecorder.ro\/app\/wp-json\/wp\/v2\/types\/post"}],"author":[{"embeddable":true,"href":"https:\/\/www.newsrecorder.ro\/app\/wp-json\/wp\/v2\/users\/2"}],"replies":[{"embeddable":true,"href":"https:\/\/www.newsrecorder.ro\/app\/wp-json\/wp\/v2\/comments?post=7062"}],"version-history":[{"count":0,"href":"https:\/\/www.newsrecorder.ro\/app\/wp-json\/wp\/v2\/posts\/7062\/revisions"}],"wp:featuredmedia":[{"embeddable":true,"href":"https:\/\/www.newsrecorder.ro\/app\/wp-json\/wp\/v2\/media\/7063"}],"wp:attachment":[{"href":"https:\/\/www.newsrecorder.ro\/app\/wp-json\/wp\/v2\/media?parent=7062"}],"wp:term":[{"taxonomy":"category","embeddable":true,"href":"https:\/\/www.newsrecorder.ro\/app\/wp-json\/wp\/v2\/categories?post=7062"},{"taxonomy":"post_tag","embeddable":true,"href":"https:\/\/www.newsrecorder.ro\/app\/wp-json\/wp\/v2\/tags?post=7062"}],"curies":[{"name":"wp","href":"https:\/\/api.w.org\/{rel}","templated":true}]}}