{"id":7072,"date":"2026-03-07T15:27:07","date_gmt":"2026-03-07T15:27:07","guid":{"rendered":"https:\/\/www.newsrecorder.ro\/app\/2026\/03\/07\/catalin-predoiu-criminalitatea-nationala-a-scazut-cu-11-in-2025\/"},"modified":"2026-03-07T15:27:07","modified_gmt":"2026-03-07T15:27:07","slug":"catalin-predoiu-criminalitatea-nationala-a-scazut-cu-11-in-2025","status":"publish","type":"post","link":"https:\/\/www.newsrecorder.ro\/app\/2026\/03\/07\/catalin-predoiu-criminalitatea-nationala-a-scazut-cu-11-in-2025\/","title":{"rendered":"C\u0103t\u0103lin Predoiu: Criminalitatea na\u021bional\u0103 a sc\u0103zut cu 11% \u00een 2025!"},"content":{"rendered":"<p>Ministrul Afacerilor Interne, C\u0103t\u0103lin Predoiu, a anun\u021bat recent c\u0103 institu\u021biile subordonate ministerului au intensificat ac\u021biunile menite s\u0103 combat\u0103 criminalitatea organizat\u0103, pun\u00e2nd un accent deosebit pe lupta \u00eempotriva traficului de droguri.<\/p>\n<p>\u201eAm consolidat eforturile \u00eempotriva criminalit\u0103\u021bii organizate, cu un focus special pe traficul de droguri. Au fost desf\u0103\u0219urate opera\u021biuni extinse \u00een medii de interes operativ, iar numeroase grup\u0103ri infrac\u021bionale au fost destructurate. \u00cen anul 2025, am confiscat de peste \u0219ase ori mai multe droguri de mare risc comparativ cu anii anteriori \u0219i de dou\u0103 ori mai multe droguri de risc fa\u021b\u0103 de anul precedent,\u201d a declarat ministrul Predoiu.<\/p>\n<p>Recent, s-a desf\u0103\u0219urat o \u0219edin\u021b\u0103 de evaluare a activit\u0103\u021bii MAI pentru anul 2025, la sediul Ministerului Afacerilor Interne, unde s-au reunit conducerea ministerului \u0219i \u0219efii structurilor din subordine. Aceast\u0103 \u00eent\u00e2lnire a avut scopul de a analiza rezultatele ob\u021binute \u00een domeniul ordinii \u0219i siguran\u021bei publice, gestion\u0103rii situa\u021biilor de urgen\u021b\u0103 \u0219i serviciilor publice comunitare.<\/p>\n<p>De asemenea, au fost stabilite principalele direc\u021bii de ac\u021biune \u0219i priorit\u0103\u021bile institu\u021bionale pentru anul 2026, cu scopul de a \u00eembun\u0103t\u0103\u021bi eficien\u021ba activit\u0103\u021bilor desf\u0103\u0219urate \u0219i de a spori siguran\u021ba cet\u0103\u021benilor.<\/p>\n<p>\u201e\u00cen 2026, a\u0219tept de la voi s\u0103 fi\u021bi profesioni\u0219ti, patrio\u021bi \u0219i colegi unii cu al\u021bii. Ne afl\u0103m \u00eentr-o lume aflat\u0103 \u00een continu\u0103 schimbare, iar capacitatea de adaptare va fi cheia succesului,\u201d a ad\u0103ugat C\u0103t\u0103lin Predoiu, subliniind importan\u021ba colabor\u0103rii \u0219i a profesionalismului \u00een r\u00e2ndul angaja\u021bilor MAI.<\/p>\n","protected":false},"excerpt":{"rendered":"<p>Ministrul Afacerilor Interne, C\u0103t\u0103lin Predoiu, a anun\u021bat recent c\u0103 institu\u021biile subordonate ministerului au intensificat ac\u021biunile menite s\u0103 combat\u0103 criminalitatea organizat\u0103, pun\u00e2nd un accent deosebit pe lupta \u00eempotriva traficului de droguri. \u201eAm consolidat eforturile \u00eempotriva criminalit\u0103\u021bii organizate, cu un focus special pe traficul de droguri. Au fost desf\u0103\u0219urate opera\u021biuni extinse \u00een medii de interes operativ, iar [&hellip;]<\/p>\n","protected":false},"author":2,"featured_media":7073,"comment_status":"open","ping_status":"open","sticky":false,"template":"","format":"standard","meta":{"jnews-multi-image_gallery":[],"jnews_single_post":[],"jnews_primary_category":[],"jnews_override_counter":[],"footnotes":""},"categories":[42],"tags":[1328,9991,7052,9992,9990,1329,9989,555],"class_list":["post-7072","post","type-post","status-publish","format-standard","has-post-thumbnail","hentry","category-politica","tag-catalin-predoiu","tag-confiscari-droguri","tag-criminalitate-organizata","tag-evaluare-activitate-mai","tag-grupari-infractionale","tag-ministerul-afacerilor-interne","tag-operatiuni-extinse","tag-trafic-de-droguri"],"_links":{"self":[{"href":"https:\/\/www.newsrecorder.ro\/app\/wp-json\/wp\/v2\/posts\/7072","targetHints":{"allow":["GET"]}}],"collection":[{"href":"https:\/\/www.newsrecorder.ro\/app\/wp-json\/wp\/v2\/posts"}],"about":[{"href":"https:\/\/www.newsrecorder.ro\/app\/wp-json\/wp\/v2\/types\/post"}],"author":[{"embeddable":true,"href":"https:\/\/www.newsrecorder.ro\/app\/wp-json\/wp\/v2\/users\/2"}],"replies":[{"embeddable":true,"href":"https:\/\/www.newsrecorder.ro\/app\/wp-json\/wp\/v2\/comments?post=7072"}],"version-history":[{"count":0,"href":"https:\/\/www.newsrecorder.ro\/app\/wp-json\/wp\/v2\/posts\/7072\/revisions"}],"wp:featuredmedia":[{"embeddable":true,"href":"https:\/\/www.newsrecorder.ro\/app\/wp-json\/wp\/v2\/media\/7073"}],"wp:attachment":[{"href":"https:\/\/www.newsrecorder.ro\/app\/wp-json\/wp\/v2\/media?parent=7072"}],"wp:term":[{"taxonomy":"category","embeddable":true,"href":"https:\/\/www.newsrecorder.ro\/app\/wp-json\/wp\/v2\/categories?post=7072"},{"taxonomy":"post_tag","embeddable":true,"href":"https:\/\/www.newsrecorder.ro\/app\/wp-json\/wp\/v2\/tags?post=7072"}],"curies":[{"name":"wp","href":"https:\/\/api.w.org\/{rel}","templated":true}]}}