{"id":7076,"date":"2026-03-07T15:27:34","date_gmt":"2026-03-07T15:27:34","guid":{"rendered":"https:\/\/www.newsrecorder.ro\/app\/2026\/03\/07\/accident-rutier-in-bucuresti-ministrul-finantelor-alexandru-nazare-implicat\/"},"modified":"2026-03-07T15:27:34","modified_gmt":"2026-03-07T15:27:34","slug":"accident-rutier-in-bucuresti-ministrul-finantelor-alexandru-nazare-implicat","status":"publish","type":"post","link":"https:\/\/www.newsrecorder.ro\/app\/2026\/03\/07\/accident-rutier-in-bucuresti-ministrul-finantelor-alexandru-nazare-implicat\/","title":{"rendered":"Accident rutier \u00een Bucure\u0219ti: Ministrul Finan\u021belor, Alexandru Nazare, implicat!"},"content":{"rendered":"<p>Conform surselor de la <a href=\"https:\/\/www.antena3.ro\/actualitate\/ministrul-finantelor-alexandru-nazare-a-fost-implicat-intr-un-accident-in-bucuresti-779819.html\" target=\"_blank\" rel=\"noopener\">Antena 3 CNN<\/a>, ministrul Finan\u021belor, Alexandru Nazare, a fost implicat \u00eentr-un accident rutier \u00een Bucure\u0219ti. Se pare c\u0103 acesta se afla la volanul vehiculului s\u0103u, c\u00e2nd nu a acordat prioritate unei ma\u0219ini de ridesharing, \u00een care se aflau dou\u0103 persoane.<\/p>\n<p>\u00cen urma coliziunii, pasagerii din vehiculul de ridesharing au suferit r\u0103ni u\u0219oare. Ace\u0219tia au raportat dureri \u0219i au fost transporta\u021bi la spital pentru \u00eengrijiri medicale de specialitate.<\/p>\n<p>Accidentul a avut loc pe o strad\u0103 din Sectorul 1 al capitalei. Poli\u021bia a sosit rapid la fa\u021ba locului \u0219i a demarat cercet\u0103rile necesare pentru a stabili circumstan\u021bele exacte ale incidentului.<\/p>\n<p>Investiga\u021biile sunt \u00een curs de desf\u0103\u0219urare, iar autorit\u0103\u021bile vor continua s\u0103 adune informa\u021bii pentru a clarifica toate detaliile legate de acest accident.<\/p>\n","protected":false},"excerpt":{"rendered":"<p>Conform surselor de la Antena 3 CNN, ministrul Finan\u021belor, Alexandru Nazare, a fost implicat \u00eentr-un accident rutier \u00een Bucure\u0219ti. Se pare c\u0103 acesta se afla la volanul vehiculului s\u0103u, c\u00e2nd nu a acordat prioritate unei ma\u0219ini de ridesharing, \u00een care se aflau dou\u0103 persoane. \u00cen urma coliziunii, pasagerii din vehiculul de ridesharing au suferit r\u0103ni [&hellip;]<\/p>\n","protected":false},"author":2,"featured_media":7077,"comment_status":"open","ping_status":"open","sticky":false,"template":"","format":"standard","meta":{"jnews-multi-image_gallery":[],"jnews_single_post":[],"jnews_primary_category":[],"jnews_override_counter":[],"footnotes":""},"categories":[42],"tags":[501,4672,2136,362,2963,3695,9995,9994],"class_list":["post-7076","post","type-post","status-publish","format-standard","has-post-thumbnail","hentry","category-politica","tag-accident-rutier","tag-alexandru-nazare","tag-autoritati","tag-bucuresti","tag-cercetari","tag-ministrul-finantelor","tag-rani-usoare","tag-ridesharing"],"_links":{"self":[{"href":"https:\/\/www.newsrecorder.ro\/app\/wp-json\/wp\/v2\/posts\/7076","targetHints":{"allow":["GET"]}}],"collection":[{"href":"https:\/\/www.newsrecorder.ro\/app\/wp-json\/wp\/v2\/posts"}],"about":[{"href":"https:\/\/www.newsrecorder.ro\/app\/wp-json\/wp\/v2\/types\/post"}],"author":[{"embeddable":true,"href":"https:\/\/www.newsrecorder.ro\/app\/wp-json\/wp\/v2\/users\/2"}],"replies":[{"embeddable":true,"href":"https:\/\/www.newsrecorder.ro\/app\/wp-json\/wp\/v2\/comments?post=7076"}],"version-history":[{"count":0,"href":"https:\/\/www.newsrecorder.ro\/app\/wp-json\/wp\/v2\/posts\/7076\/revisions"}],"wp:featuredmedia":[{"embeddable":true,"href":"https:\/\/www.newsrecorder.ro\/app\/wp-json\/wp\/v2\/media\/7077"}],"wp:attachment":[{"href":"https:\/\/www.newsrecorder.ro\/app\/wp-json\/wp\/v2\/media?parent=7076"}],"wp:term":[{"taxonomy":"category","embeddable":true,"href":"https:\/\/www.newsrecorder.ro\/app\/wp-json\/wp\/v2\/categories?post=7076"},{"taxonomy":"post_tag","embeddable":true,"href":"https:\/\/www.newsrecorder.ro\/app\/wp-json\/wp\/v2\/tags?post=7076"}],"curies":[{"name":"wp","href":"https:\/\/api.w.org\/{rel}","templated":true}]}}